{"id":9977,"date":"2011-01-18T02:43:00","date_gmt":"2011-01-18T01:43:00","guid":{"rendered":"https:\/\/gaudiumetspes-blog.pl\/index.php\/2011\/01\/18\/o-modym-winie-i-starych-bukakac\/"},"modified":"2019-07-31T12:52:01","modified_gmt":"2019-07-31T10:52:01","slug":"o-modym-winie-i-starych-bukakac","status":"publish","type":"post","link":"https:\/\/gaudiumetspes-blog.pl\/index.php\/2011\/01\/18\/o-modym-winie-i-starych-bukakac\/","title":{"rendered":"O m\u0142odym winie i starych buk\u0142akach&#8230;"},"content":{"rendered":"<p>Witam bardzo serdecznie i zapraszam do refleksji nad przyk\u0142adem \u015bwi\u0119to\u015bci Antoniego Opata, aby\u015bmy od niego nauczyli si\u0119 radykalnego dopasowywania \u017cycia do Ewangelii, a nie odwrotnie! Przy okazji &#8211; dzi\u0119kuj\u0119 za wpisy na blogu. I prosz\u0119 o nast\u0119pne!<br style=\"font-family: 'Times New Roman';\" \/>&nbsp;&nbsp;&nbsp;&nbsp;&nbsp;&nbsp;&nbsp;&nbsp;&nbsp;&nbsp;&nbsp;&nbsp;&nbsp;&nbsp;&nbsp;&nbsp;&nbsp;&nbsp;&nbsp;&nbsp;&nbsp;&nbsp;&nbsp;&nbsp;&nbsp;&nbsp;&nbsp;&nbsp;&nbsp;&nbsp;&nbsp;&nbsp;&nbsp;&nbsp;&nbsp;&nbsp;&nbsp;&nbsp;&nbsp;&nbsp;&nbsp;&nbsp;&nbsp; Gaudium et spes!&nbsp; Ks. Jacek<\/p>\n<div class=\"MsoNormal\" style=\"font-family: 'Times New Roman'; font-size: 14px; margin-bottom: 0px; margin-left: 0px; margin-right: 0px; margin-top: 0.4em; text-align: justify;\"><b>Wspomnienie \u015aw. Antoniego Opata,<\/b><\/div>\n<div class=\"MsoNormal\" style=\"font-family: 'Times New Roman'; font-size: 14px; margin-bottom: 0px; margin-left: 0px; margin-right: 0px; margin-top: 0.4em; text-align: justify;\"><b>do czyta\u0144:&nbsp;&nbsp;Hbr 5,1\u201310;&nbsp;&nbsp;Mk 2,18\u201322<\/b><\/div>\n<div class=\"MsoNormal\" style=\"font-family: 'Times New Roman'; font-size: 14px; margin-bottom: 0px; margin-left: 0px; margin-right: 0px; margin-top: 0.4em; text-align: justify; text-indent: 35.4pt;\">Patron dnia dzisiejszego,&nbsp;<b>\u015awi\u0119ty Antoni,<\/b>&nbsp;urodzi\u0142 si\u0119 w \u015arodkowym Egipcie w 251 roku. Mia\u0142 zamo\u017cnych i religijnych rodzic\u00f3w, kt\u00f3rych jednak wcze\u015bnie straci\u0142 \u2013 kiedy mia\u0142 dwadzie\u015bcia lat. Po ich \u015bmierci, kieruj\u0105c si\u0119 wskazaniem Ewangelii,&nbsp;<b>sprzeda\u0142 ojcowizn\u0119, a pieni\u0105dze rozda\u0142 ubogim.&nbsp;<\/b>M\u0142odsz\u0105 siostr\u0119 odda\u0142 pod opiek\u0119 szlachetnym paniom, zabezpieczaj\u0105c jej byt materialny. Sam za\u015b uda\u0142 si\u0119 na pustyni\u0119 w pobli\u017cu rodzinnego miasta.&nbsp;<b>Tam odda\u0142 si\u0119 pracy fizycznej, modlitwie i uczynkom pokutnym.<\/b>&nbsp;Podj\u0105\u0142 \u017cycie pe\u0142ne umartwienia i milczenia.<\/div>\n<div class=\"MsoNormal\" style=\"font-family: 'Times New Roman'; font-size: 14px; margin-bottom: 0px; margin-left: 0px; margin-right: 0px; margin-top: 0.4em; text-align: justify; text-indent: 35.4pt;\">Nag\u0142a zmiana trybu \u017cycia kosztowa\u0142a go wiele wyrzecze\u0144, a nawet trudu.&nbsp;<b>Musia\u0142 znosi\u0107 wiele jawnych atak\u00f3w ze strony szatana,&nbsp;<\/b>kt\u00f3ry go n\u0119ka\u0142, jawi\u0105c mu si\u0119 w r\u00f3\u017cnych postaciach. Doznawa\u0142 wtedy umacniaj\u0105cych go wizji nadprzyrodzonych. Pocz\u0105tkowo Antoni mieszka\u0142 w grocie. Oko\u0142o 275 roku przeni\u00f3s\u0142 si\u0119 jednak na Pustyni\u0119 Libijsk\u0105. Dziesi\u0119\u0107 lat p\u00f3\u017aniej osiad\u0142 w ruinach opuszczonej fortecy Pispir na prawym brzegu Nilu.&nbsp;<b>Mia\u0142 dar widzenia rzeczy przysz\u0142ych. S\u0142yn\u0105\u0142 ze \u015bwi\u0119to\u015bci i m\u0105dro\u015bci.<\/b><\/div>\n<div class=\"MsoNormal\" style=\"font-family: 'Times New Roman'; font-size: 14px; margin-bottom: 0px; margin-left: 0px; margin-right: 0px; margin-top: 0.4em; text-align: justify; text-indent: 35.4pt;\">Jego postawa znalaz\u0142a wielu na\u015bladowc\u00f3w. S\u0142awa i cuda sprawi\u0142y, \u017ce<b>zacz\u0119li \u015bci\u0105ga\u0107 uczniowie, pragn\u0105cy podda\u0107 si\u0119 jego duchowemu kierownictwu.<\/b>&nbsp;Pocz\u0105tkowo nie zgadza\u0142 si\u0119 na to, jednak po wielu sprzeciwach zdecydowa\u0142 si\u0119 ich przyj\u0105\u0107 i odt\u0105d oaza Farium na pustyni<b>zacz\u0119\u0142a zape\u0142nia\u0107 si\u0119 rozrzuconymi wok\u00f3\u0142 celami eremit\u00f3w.&nbsp;<\/b>Niekt\u00f3rzy uwa\u017caj\u0105, \u017ce mog\u0142o ich by\u0107 oko\u0142o sze\u015bciu tysi\u0119cy.<\/div>\n<div class=\"MsoNormal\" style=\"font-family: 'Times New Roman'; font-size: 14px; margin-bottom: 0px; margin-left: 0px; margin-right: 0px; margin-top: 0.4em; text-align: justify; text-indent: 35.4pt;\">W 311 roku Antoni go\u015bci\u0142 w Aleksandrii, wspieraj\u0105c duchowo chrze\u015bcijan, prze\u015bladowanych przez cesarza Maksymiana. Tam r\u00f3wnie\u017c&nbsp;<b>z wielkim zaanga\u017cowaniem broni\u0142 czysto\u015bci wiary<\/b>&nbsp;w obliczu tego, \u017ce w roku 318 wyst\u0105pi\u0142 \u2013 tam w\u0142a\u015bnie \u2013 z b\u0142\u0119dn\u0105 nauk\u0105 kap\u0142an Ariusz, znajduj\u0105c dla swych teorii wielu zwolennik\u00f3w. Jednym z nich by\u0142 nawet cesarz. I to w odpowiedzi na te b\u0142\u0119dy,&nbsp;<b>Antoni podj\u0105\u0142 \u017carliw\u0105 obron\u0119 czysto\u015bci wiary w\u015br\u00f3d swoich uczni\u00f3w.<\/b><\/div>\n<div class=\"MsoNormal\" style=\"font-family: 'Times New Roman'; font-size: 14px; margin-bottom: 0px; margin-left: 0px; margin-right: 0px; margin-top: 0.4em; text-align: justify; text-indent: 35.4pt;\">Cieszy\u0142 si\u0119 przy tym wielkim powa\u017caniem. Korespondowa\u0142 \u2013 mi\u0119dzy innymi \u2013 z cesarzem Konstantynem Wielkim i jego synami. Zachowane listy Antoniego do mnich\u00f3w zawieraj\u0105 g\u0142\u00f3wnie jego nauki moralne: szczeg\u00f3lny nacisk k\u0142adzie on w nich na&nbsp;<b>poszukiwanie indywidualnej drogi do doskona\u0142o\u015bci, wsparte lektur\u0105 Pisma \u015awi\u0119tego.<\/b>&nbsp;Wed\u0142ug podania, \u015awi\u0119ty Antoni zmar\u0142 17 stycznia 356 roku, w wieku stu sze\u015bciu lat.&nbsp;<b>Jego \u017cycie by\u0142o przyk\u0142adem dla wielu nie tylko w Egipcie, ale i w innych stronach chrze\u015bcija\u0144skiego \u015bwiata,<\/b>&nbsp;a jego kult rych\u0142o rozprzestrzeni\u0142 si\u0119 na ca\u0142ym Wschodzie i w ca\u0142ym Ko\u015bciele.<\/div>\n<div class=\"MsoNormal\" style=\"font-family: 'Times New Roman'; font-size: 14px; margin-bottom: 0px; margin-left: 0px; margin-right: 0px; margin-top: 0.4em; text-align: justify; text-indent: 35.4pt;\">W \u201e\u017bywocie \u015awi\u0119tego Antoniego\u201d,&nbsp;napisanym przez \u015awi\u0119tego Atanazego, biskupa, czytamy mi\u0119dzy innymi takie s\u0142owa: \u201ePo \u015bmierci rodzic\u00f3w Antoni pozosta\u0142 sam wraz ze swoj\u0105 m\u0142odsz\u0105 siostr\u0105. Maj\u0105c wtedy osiemna\u015bcie czy dwadzie\u015bcia lat, zajmowa\u0142 si\u0119 domem i opiekowa\u0142 siostr\u0105. Gdy nie min\u0119\u0142o jeszcze sze\u015b\u0107 miesi\u0119cy od \u015bmierci rodzic\u00f3w,&nbsp;<b>szed\u0142 zgodnie ze zwyczajem do ko\u015bcio\u0142a, zatopiony w rozmy\u015blaniu.<\/b>Rozwa\u017ca\u0142, dlaczego Aposto\u0142owie, opu\u015bciwszy wszystko, poszli za Zbawicielem oraz kim byli ci ludzie, kt\u00f3rzy \u2013 jak podaj\u0105 Dzieje Apostolskie \u2013 sprzedawali swe dobra i sk\u0142adali u st\u00f3p Aposto\u0142\u00f3w pieni\u0105dze, aby oni rozdawali je potrzebuj\u0105cym.<\/div>\n<div class=\"MsoNormal\" style=\"font-family: 'Times New Roman'; font-size: 14px; margin-bottom: 0px; margin-left: 0px; margin-right: 0px; margin-top: 0.4em; text-align: justify; text-indent: 35.4pt;\">Zastanawia\u0142 si\u0119 tak\u017ce, jakiego rodzaju i jak wielka nagroda zosta\u0142a wyznaczona im w niebie. Tak rozmy\u015blaj\u0105c przyby\u0142 do \u015bwi\u0105tyni, gdy w\u0142a\u015bnie odczytywano Ewangeli\u0119. Us\u0142ysza\u0142 s\u0142owa, kt\u00f3re Pan powiedzia\u0142 do bogatego m\u0142odzie\u0144ca:&nbsp;<b><i>Je\u015bli chcesz by\u0107 doskona\u0142ym, sprzedaj wszystko, co masz, i rozdaj ubogim, potem przyjd\u017a i p\u00f3jd\u017a za Mn\u0105, a b\u0119dziesz mia\u0142 skarb w niebie<\/i>.&nbsp;<\/b>Antoniemu zdawa\u0142o si\u0119, jak gdyby sam B\u00f3g przem\u00f3wi\u0142 do niego s\u0142owami Ewangelii, jakby czytanie to przeznaczone by\u0142o dla niego. Wyszed\u0142 natychmiast z ko\u015bcio\u0142a&nbsp;<b>i rozda\u0142 mieszka\u0144com wioski odziedziczon\u0105 po rodzicach ziemi\u0119,<\/b>&nbsp;aby odt\u0105d nie by\u0142a dla niego i jego siostry ci\u0119\u017carem. Sprzeda\u0142 tak\u017ce wszelkie inne dobra, a pieni\u0105dze rozda\u0142 ubogim. Tylko niewielk\u0105 ich cz\u0119\u015b\u0107 zachowa\u0142 ze wzgl\u0119du na siostr\u0119.<\/div>\n<div class=\"MsoNormal\" style=\"font-family: 'Times New Roman'; font-size: 14px; margin-bottom: 0px; margin-left: 0px; margin-right: 0px; margin-top: 0.4em; text-align: justify; text-indent: 35.4pt;\">Przyszed\u0142szy znowu do ko\u015bcio\u0142a, us\u0142ysza\u0142 s\u0142owa Pana z Ewangelii:<i>Nie troszczcie si\u0119 o jutro<\/i>. Nie mog\u0105c ich s\u0142ucha\u0107 oboj\u0119tnie,&nbsp;<b>natychmiast wyszed\u0142 i pozosta\u0142\u0105 cz\u0119\u015b\u0107 rozda\u0142 ubogim.<\/b>&nbsp;Siostr\u0119 odda\u0142 na wychowanie i nauk\u0119 znanym z prawo\u015bci dziewicom. Sam za\u015b po\u015bwi\u0119ci\u0142 si\u0119 praktykowaniu \u017cycia ascetycznego, mieszkaj\u0105c w pobli\u017cu swego domu.<\/div>\n<div class=\"MsoNormal\" style=\"font-family: 'Times New Roman'; font-size: 14px; margin-bottom: 0px; margin-left: 0px; margin-right: 0px; margin-top: 0.4em; text-align: justify; text-indent: 35.4pt;\">W ci\u0105g\u0142ym czuwaniu nad sob\u0105 prowadzi\u0142 \u017cycie pe\u0142ne wyrzecze\u0144.<b>Pracowa\u0142 w\u0142asnymi r\u0119koma, poniewa\u017c us\u0142ysza\u0142:&nbsp;<i>Kto nie chce pracowa\u0107, niech te\u017c nie je<\/i>.<\/b>&nbsp;Otrzyman\u0105 w ten spos\u00f3b zap\u0142at\u0119 przeznacza\u0142 na swoje utrzymanie i na potrzebuj\u0105cych. Modli\u0142 si\u0119 nieustannie, albowiem dowiedzia\u0142 si\u0119, \u017ce \u201ezawsze nale\u017cy si\u0119 modli\u0107\u201d.&nbsp;<b>Czyta\u0142 tak uwa\u017cnie, \u017ce nic nie uchodzi\u0142o jego uwagi, ale przeciwnie, zapami\u0119tywa\u0142 wszystko.<\/b>&nbsp;Z czasem pami\u0119\u0107 mog\u0142a zast\u0105pi\u0107 mu ksi\u0119gi. Wszyscy mieszka\u0144cy wioski oraz pobo\u017cni ludzie, z kt\u00f3rymi cz\u0119sto si\u0119 spotyka\u0142, widz\u0105c jego spos\u00f3b \u017cycia,&nbsp;<b>nazywali go przyjacielem Boga \u2013 jedni mi\u0142owali go jak syna, inni jak brata.\u201d<\/b><\/div>\n<div class=\"MsoNormal\" style=\"font-family: 'Times New Roman'; font-size: 14px; margin-bottom: 0px; margin-left: 0px; margin-right: 0px; margin-top: 0.4em; text-align: justify; text-indent: 35.4pt;\">Tyle z \u201e\u017bywota\u201d \u015awi\u0119tego. A dzisiaj w Ewangelii faryzeusze zadaj\u0105 Jezusowi pytanie:&nbsp;<b><i>Dlaczego uczniowie Jana i uczniowie faryzeusz\u00f3w poszcz\u0105, a Twoi uczniowie nie poszcz\u0105<\/i>?<\/b>&nbsp;Jezus \u2013 jak s\u0142yszymy \u2013 odpowiada im w prosty spos\u00f3b, m\u00f3wi\u0105c:&nbsp;<b><i>Czy go\u015bcie weselni mog\u0105 po\u015bci\u0107, dop\u00f3ki pan m\u0142ody jest z nimi<\/i>?<\/b>&nbsp;<b><i>Nie mog\u0105 po\u015bci\u0107, jak d\u0142ugo pana m\u0142odego maj\u0105 u siebie.<\/i><\/b>&nbsp;<i>Lecz przyjdzie czas, kiedy zabior\u0105 im pana m\u0142odego, a wtedy, w \u00f3w dzie\u0144, b\u0119d\u0105 po\u015bci\u0107<\/i>. A potem \u2013 jak s\u0142yszymy, nast\u0119puje stwierdzenie, \u017ce nie przyszywa si\u0119 \u0142aty z nowego materia\u0142u do starego ubrania, ani \u017ce nie leje si\u0119 m\u0142odego wina do starych buk\u0142ak\u00f3w.&nbsp;<\/div>\n<div class=\"MsoNormal\" style=\"font-family: 'Times New Roman'; font-size: 14px; margin-bottom: 0px; margin-left: 0px; margin-right: 0px; margin-top: 0.4em; text-align: justify; text-indent: 35.4pt;\">Przes\u0142anie tej Jezusowej nauki jest jednoznaczne:&nbsp;<b>nie da si\u0119 ca\u0142ej tej nowo\u015bci, kt\u00f3r\u0105 przyni\u00f3s\u0142 ze sob\u0105 Jezus wt\u0142oczy\u0107 \u2013&nbsp;<\/b>m\u00f3wi\u0105c kolokwialnie<b>&nbsp;\u2013 do starych form<\/b>&nbsp;<b>\u017cydowskich przepis\u00f3w i zwyczaj\u00f3w.<\/b>Wr\u0119cz przeciwnie \u2013 te przepisy i zwyczaje&nbsp;<b>winny by\u0107 dopasowane do nowej nauki,<\/b>&nbsp;g\u0142oszonej przez Jezusa.<\/div>\n<div class=\"MsoNormal\" style=\"font-family: 'Times New Roman'; font-size: 14px; margin-bottom: 0px; margin-left: 0px; margin-right: 0px; margin-top: 0.4em; text-align: justify; text-indent: 35.4pt;\">\u015awi\u0119ty Patron dnia dzisiejszego daje nam bardzo czytelny przyk\u0142ad<b>dopasowania swego \u017cycia \u2013 i to w spos\u00f3b radykalny \u2013 do wymog\u00f3w Ewangelii.<\/b>&nbsp;Bardzo wyra\u017anie m\u00f3wi nam o tym fragment jego \u201e\u017bywotu\u201d, autorstwa \u015awi\u0119tego Atanazego. Jest to, Kochani, wa\u017cne wskazanie dla nas, aby\u015bmy&nbsp;<b>nasze \u017cycie dostosowywali do wymaga\u0144 ewangelicznych,<\/b>&nbsp;a nie trwali uparcie przy swoich schematach, \u201enaginaj\u0105c\u201d do nich na si\u0142\u0119 Pana Jezusa i Jego Ewangeli\u0119.<\/div>\n<div class=\"MsoNormal\" style=\"font-family: 'Times New Roman'; font-size: 14px; margin-bottom: 0px; margin-left: 0px; margin-right: 0px; margin-top: 0.4em; text-align: justify; text-indent: 35.4pt;\">I w tym to kontek\u015bcie zastan\u00f3wmy si\u0119 przez chwil\u0119:<\/div>\n<ul style=\"font-family: 'Times New Roman'; font-size: 14px;\">\n<li>Na ile wiernie i dok\u0142adnie odnosz\u0119 bezpo\u015brednio do siebie wskazania ewangeliczne, nie pr\u00f3buj\u0105c ich za wszelk\u0105 cen\u0119 \u0142agodzi\u0107?<\/li>\n<li>Co uda\u0142o mi si\u0119 w ostatnim czasie wyra\u017anie zmieni\u0107 w moim \u017cyciu ze wzgl\u0119du na Jezusa?<\/li>\n<li>A co powinienem tak radykalnie zmieni\u0107 w najbli\u017cszym czasie?<\/li>\n<\/ul>\n<div class=\"MsoNormal\" style=\"font-family: 'Times New Roman'; font-size: 14px; margin-bottom: 0px; margin-left: 0px; margin-right: 0px; margin-top: 0.4em; text-align: justify; text-indent: 35.4pt;\"><b><i>Nikt nie przyszywa \u0142aty z surowego sukna do starego ubrania<\/i><\/b><b>. [\u2026]&nbsp;<i>Nikt te\u017c m\u0142odego wina nie wlewa do starych buk\u0142ak\u00f3w<\/i>.<\/b><\/div>\n<div><b><br \/>\n<\/b><\/div>\n","protected":false},"excerpt":{"rendered":"<p>Witam bardzo serdecznie i zapraszam do refleksji nad przyk\u0142adem \u015bwi\u0119to\u015bci Antoniego Opata, aby\u015bmy od niego nauczyli si\u0119 radykalnego dopasowywania \u017cycia do Ewangelii, a nie odwrotnie! Przy okazji &#8211; dzi\u0119kuj\u0119 za wpisy na blogu. I prosz\u0119 o nast\u0119pne!&nbsp;&nbsp;&nbsp;&nbsp;&nbsp;&nbsp;&nbsp;&nbsp;&nbsp;&nbsp;&nbsp;&nbsp;&nbsp;&nbsp;&nbsp;&nbsp;&nbsp;&nbsp;&nbsp;&nbsp;&nbsp;&nbsp;&nbsp;&nbsp;&nbsp;&nbsp;&nbsp;&nbsp;&nbsp;&nbsp;&nbsp;&nbsp;&nbsp;&nbsp;&nbsp;&nbsp;&nbsp;&nbsp;&nbsp;&nbsp;&nbsp;&nbsp;&nbsp; Gaudium et spes!&nbsp; Ks. Jacek Wspomnienie \u015aw. Antoniego Opata, do czyta\u0144:&nbsp;&nbsp;Hbr 5,1\u201310;&nbsp;&nbsp;Mk 2,18\u201322 Patron dnia dzisiejszego,&nbsp;\u015awi\u0119ty Antoni,&nbsp;urodzi\u0142 si\u0119 [&hellip;]<\/p>\n","protected":false},"author":1,"featured_media":0,"comment_status":"open","ping_status":"open","sticky":false,"template":"","format":"standard","meta":{"jetpack_post_was_ever_published":false,"_jetpack_newsletter_access":"","_jetpack_dont_email_post_to_subs":false,"_jetpack_newsletter_tier_id":0,"_jetpack_memberships_contains_paywalled_content":false,"_jetpack_memberships_contains_paid_content":false,"footnotes":""},"categories":[1],"tags":[],"class_list":["post-9977","post","type-post","status-publish","format-standard","hentry","category-bez-kategorii"],"yoast_head":"<!-- This site is optimized with the Yoast SEO plugin v25.1 - https:\/\/yoast.com\/wordpress\/plugins\/seo\/ -->\n<title>O m\u0142odym winie i starych buk\u0142akach... - Gaudium Et Spes<\/title>\n<meta name=\"robots\" content=\"index, follow, max-snippet:-1, max-image-preview:large, max-video-preview:-1\" \/>\n<link rel=\"canonical\" href=\"https:\/\/gaudiumetspes-blog.pl\/index.php\/2011\/01\/18\/o-modym-winie-i-starych-bukakac\/\" \/>\n<meta property=\"og:locale\" content=\"pl_PL\" \/>\n<meta property=\"og:type\" content=\"article\" \/>\n<meta property=\"og:title\" content=\"O m\u0142odym winie i starych buk\u0142akach... - Gaudium Et Spes\" \/>\n<meta property=\"og:description\" content=\"Witam bardzo serdecznie i zapraszam do refleksji nad przyk\u0142adem \u015bwi\u0119to\u015bci Antoniego Opata, aby\u015bmy od niego nauczyli si\u0119 radykalnego dopasowywania \u017cycia do Ewangelii, a nie odwrotnie! Przy okazji &#8211; dzi\u0119kuj\u0119 za wpisy na blogu. I prosz\u0119 o nast\u0119pne!&nbsp;&nbsp;&nbsp;&nbsp;&nbsp;&nbsp;&nbsp;&nbsp;&nbsp;&nbsp;&nbsp;&nbsp;&nbsp;&nbsp;&nbsp;&nbsp;&nbsp;&nbsp;&nbsp;&nbsp;&nbsp;&nbsp;&nbsp;&nbsp;&nbsp;&nbsp;&nbsp;&nbsp;&nbsp;&nbsp;&nbsp;&nbsp;&nbsp;&nbsp;&nbsp;&nbsp;&nbsp;&nbsp;&nbsp;&nbsp;&nbsp;&nbsp;&nbsp; Gaudium et spes!&nbsp; Ks. Jacek Wspomnienie \u015aw. Antoniego Opata, do czyta\u0144:&nbsp;&nbsp;Hbr 5,1\u201310;&nbsp;&nbsp;Mk 2,18\u201322 Patron dnia dzisiejszego,&nbsp;\u015awi\u0119ty Antoni,&nbsp;urodzi\u0142 si\u0119 [&hellip;]\" \/>\n<meta property=\"og:url\" content=\"https:\/\/gaudiumetspes-blog.pl\/index.php\/2011\/01\/18\/o-modym-winie-i-starych-bukakac\/\" \/>\n<meta property=\"og:site_name\" content=\"Gaudium Et Spes\" \/>\n<meta property=\"article:published_time\" content=\"2011-01-18T01:43:00+00:00\" \/>\n<meta property=\"article:modified_time\" content=\"2019-07-31T10:52:01+00:00\" \/>\n<meta name=\"author\" content=\"Ks. Jacek\" \/>\n<meta name=\"twitter:card\" content=\"summary_large_image\" \/>\n<meta name=\"twitter:label1\" content=\"Napisane przez\" \/>\n\t<meta name=\"twitter:data1\" content=\"Ks. Jacek\" \/>\n\t<meta name=\"twitter:label2\" content=\"Szacowany czas czytania\" \/>\n\t<meta name=\"twitter:data2\" content=\"7 minut\" \/>\n<script type=\"application\/ld+json\" class=\"yoast-schema-graph\">{\"@context\":\"https:\/\/schema.org\",\"@graph\":[{\"@type\":\"WebPage\",\"@id\":\"https:\/\/gaudiumetspes-blog.pl\/index.php\/2011\/01\/18\/o-modym-winie-i-starych-bukakac\/\",\"url\":\"https:\/\/gaudiumetspes-blog.pl\/index.php\/2011\/01\/18\/o-modym-winie-i-starych-bukakac\/\",\"name\":\"O m\u0142odym winie i starych buk\u0142akach... - Gaudium Et Spes\",\"isPartOf\":{\"@id\":\"https:\/\/gaudiumetspes-blog.pl\/#website\"},\"datePublished\":\"2011-01-18T01:43:00+00:00\",\"dateModified\":\"2019-07-31T10:52:01+00:00\",\"author\":{\"@id\":\"https:\/\/gaudiumetspes-blog.pl\/#\/schema\/person\/1661982992b752dea8dff0d4ed845a65\"},\"breadcrumb\":{\"@id\":\"https:\/\/gaudiumetspes-blog.pl\/index.php\/2011\/01\/18\/o-modym-winie-i-starych-bukakac\/#breadcrumb\"},\"inLanguage\":\"pl-PL\",\"potentialAction\":[{\"@type\":\"ReadAction\",\"target\":[\"https:\/\/gaudiumetspes-blog.pl\/index.php\/2011\/01\/18\/o-modym-winie-i-starych-bukakac\/\"]}]},{\"@type\":\"BreadcrumbList\",\"@id\":\"https:\/\/gaudiumetspes-blog.pl\/index.php\/2011\/01\/18\/o-modym-winie-i-starych-bukakac\/#breadcrumb\",\"itemListElement\":[{\"@type\":\"ListItem\",\"position\":1,\"name\":\"Strona g\u0142\u00f3wna\",\"item\":\"https:\/\/gaudiumetspes-blog.pl\/\"},{\"@type\":\"ListItem\",\"position\":2,\"name\":\"O&nbsp;m\u0142odym winie i&nbsp;starych buk\u0142akach&#8230;\"}]},{\"@type\":\"WebSite\",\"@id\":\"https:\/\/gaudiumetspes-blog.pl\/#website\",\"url\":\"https:\/\/gaudiumetspes-blog.pl\/\",\"name\":\"Gaudium Et Spes\",\"description\":\"Blog Ks. Jacka Ja\u015bkowskiego\",\"potentialAction\":[{\"@type\":\"SearchAction\",\"target\":{\"@type\":\"EntryPoint\",\"urlTemplate\":\"https:\/\/gaudiumetspes-blog.pl\/?s={search_term_string}\"},\"query-input\":{\"@type\":\"PropertyValueSpecification\",\"valueRequired\":true,\"valueName\":\"search_term_string\"}}],\"inLanguage\":\"pl-PL\"},{\"@type\":\"Person\",\"@id\":\"https:\/\/gaudiumetspes-blog.pl\/#\/schema\/person\/1661982992b752dea8dff0d4ed845a65\",\"name\":\"Ks. Jacek\",\"image\":{\"@type\":\"ImageObject\",\"inLanguage\":\"pl-PL\",\"@id\":\"https:\/\/gaudiumetspes-blog.pl\/#\/schema\/person\/image\/\",\"url\":\"https:\/\/gaudiumetspes-blog.pl\/wp-content\/uploads\/2019\/07\/avatar-JJ-150x150.jpg\",\"contentUrl\":\"https:\/\/gaudiumetspes-blog.pl\/wp-content\/uploads\/2019\/07\/avatar-JJ-150x150.jpg\",\"caption\":\"Ks. Jacek\"},\"description\":\"Witam serdecznie! K\u0142ania si\u0119 Ks. Jacek Ja\u015bkowski. Nie jestem ani kim\u015b wa\u017cnym, ani kim\u015b znanym. Jestem ksi\u0119dzem, kt\u00f3ry po prostu chce rozmawia\u0107. Codzienna kap\u0142a\u0144ska pos\u0142uga pokazuje mi, \u017ce temat\u00f3w do rozm\u00f3w z ksi\u0119dzem jest coraz wi\u0119cej i dzisiaj \u017caden ksi\u0105dz nie mo\u017ce od nich ucieka\u0107, ale - wprost przeciwnie - podejmowa\u0107 nowe wyzwania. To przekonanie sk\u0142oni\u0142o mnie do pr\u00f3by otwarcia tego\u017c bloga, chocia\u017c okazji do rozm\u00f3w na co dzie\u0144 - w konfesjonale i poza nim - na szcz\u0119\u015bcie nie brakuje. My\u015bl\u0119 jednak, \u017ce ten blog b\u0119dzie jeszcze jednym sposobem i przestrzeni\u0105 nawi\u0105zania kontaktu z lud\u017ami dobrej woli, otwartymi na dialog.\",\"url\":\"https:\/\/gaudiumetspes-blog.pl\/index.php\/author\/ks-jacek\/\"}]}<\/script>\n<!-- \/ Yoast SEO plugin. -->","yoast_head_json":{"title":"O m\u0142odym winie i starych buk\u0142akach... - Gaudium Et Spes","robots":{"index":"index","follow":"follow","max-snippet":"max-snippet:-1","max-image-preview":"max-image-preview:large","max-video-preview":"max-video-preview:-1"},"canonical":"https:\/\/gaudiumetspes-blog.pl\/index.php\/2011\/01\/18\/o-modym-winie-i-starych-bukakac\/","og_locale":"pl_PL","og_type":"article","og_title":"O m\u0142odym winie i starych buk\u0142akach... - Gaudium Et Spes","og_description":"Witam bardzo serdecznie i zapraszam do refleksji nad przyk\u0142adem \u015bwi\u0119to\u015bci Antoniego Opata, aby\u015bmy od niego nauczyli si\u0119 radykalnego dopasowywania \u017cycia do Ewangelii, a nie odwrotnie! Przy okazji &#8211; dzi\u0119kuj\u0119 za wpisy na blogu. I prosz\u0119 o nast\u0119pne!&nbsp;&nbsp;&nbsp;&nbsp;&nbsp;&nbsp;&nbsp;&nbsp;&nbsp;&nbsp;&nbsp;&nbsp;&nbsp;&nbsp;&nbsp;&nbsp;&nbsp;&nbsp;&nbsp;&nbsp;&nbsp;&nbsp;&nbsp;&nbsp;&nbsp;&nbsp;&nbsp;&nbsp;&nbsp;&nbsp;&nbsp;&nbsp;&nbsp;&nbsp;&nbsp;&nbsp;&nbsp;&nbsp;&nbsp;&nbsp;&nbsp;&nbsp;&nbsp; Gaudium et spes!&nbsp; Ks. Jacek Wspomnienie \u015aw. Antoniego Opata, do czyta\u0144:&nbsp;&nbsp;Hbr 5,1\u201310;&nbsp;&nbsp;Mk 2,18\u201322 Patron dnia dzisiejszego,&nbsp;\u015awi\u0119ty Antoni,&nbsp;urodzi\u0142 si\u0119 [&hellip;]","og_url":"https:\/\/gaudiumetspes-blog.pl\/index.php\/2011\/01\/18\/o-modym-winie-i-starych-bukakac\/","og_site_name":"Gaudium Et Spes","article_published_time":"2011-01-18T01:43:00+00:00","article_modified_time":"2019-07-31T10:52:01+00:00","author":"Ks. Jacek","twitter_card":"summary_large_image","twitter_misc":{"Napisane przez":"Ks. Jacek","Szacowany czas czytania":"7 minut"},"schema":{"@context":"https:\/\/schema.org","@graph":[{"@type":"WebPage","@id":"https:\/\/gaudiumetspes-blog.pl\/index.php\/2011\/01\/18\/o-modym-winie-i-starych-bukakac\/","url":"https:\/\/gaudiumetspes-blog.pl\/index.php\/2011\/01\/18\/o-modym-winie-i-starych-bukakac\/","name":"O m\u0142odym winie i starych buk\u0142akach... - Gaudium Et Spes","isPartOf":{"@id":"https:\/\/gaudiumetspes-blog.pl\/#website"},"datePublished":"2011-01-18T01:43:00+00:00","dateModified":"2019-07-31T10:52:01+00:00","author":{"@id":"https:\/\/gaudiumetspes-blog.pl\/#\/schema\/person\/1661982992b752dea8dff0d4ed845a65"},"breadcrumb":{"@id":"https:\/\/gaudiumetspes-blog.pl\/index.php\/2011\/01\/18\/o-modym-winie-i-starych-bukakac\/#breadcrumb"},"inLanguage":"pl-PL","potentialAction":[{"@type":"ReadAction","target":["https:\/\/gaudiumetspes-blog.pl\/index.php\/2011\/01\/18\/o-modym-winie-i-starych-bukakac\/"]}]},{"@type":"BreadcrumbList","@id":"https:\/\/gaudiumetspes-blog.pl\/index.php\/2011\/01\/18\/o-modym-winie-i-starych-bukakac\/#breadcrumb","itemListElement":[{"@type":"ListItem","position":1,"name":"Strona g\u0142\u00f3wna","item":"https:\/\/gaudiumetspes-blog.pl\/"},{"@type":"ListItem","position":2,"name":"O&nbsp;m\u0142odym winie i&nbsp;starych buk\u0142akach&#8230;"}]},{"@type":"WebSite","@id":"https:\/\/gaudiumetspes-blog.pl\/#website","url":"https:\/\/gaudiumetspes-blog.pl\/","name":"Gaudium Et Spes","description":"Blog Ks. Jacka Ja\u015bkowskiego","potentialAction":[{"@type":"SearchAction","target":{"@type":"EntryPoint","urlTemplate":"https:\/\/gaudiumetspes-blog.pl\/?s={search_term_string}"},"query-input":{"@type":"PropertyValueSpecification","valueRequired":true,"valueName":"search_term_string"}}],"inLanguage":"pl-PL"},{"@type":"Person","@id":"https:\/\/gaudiumetspes-blog.pl\/#\/schema\/person\/1661982992b752dea8dff0d4ed845a65","name":"Ks. Jacek","image":{"@type":"ImageObject","inLanguage":"pl-PL","@id":"https:\/\/gaudiumetspes-blog.pl\/#\/schema\/person\/image\/","url":"https:\/\/gaudiumetspes-blog.pl\/wp-content\/uploads\/2019\/07\/avatar-JJ-150x150.jpg","contentUrl":"https:\/\/gaudiumetspes-blog.pl\/wp-content\/uploads\/2019\/07\/avatar-JJ-150x150.jpg","caption":"Ks. Jacek"},"description":"Witam serdecznie! K\u0142ania si\u0119 Ks. Jacek Ja\u015bkowski. Nie jestem ani kim\u015b wa\u017cnym, ani kim\u015b znanym. Jestem ksi\u0119dzem, kt\u00f3ry po prostu chce rozmawia\u0107. Codzienna kap\u0142a\u0144ska pos\u0142uga pokazuje mi, \u017ce temat\u00f3w do rozm\u00f3w z ksi\u0119dzem jest coraz wi\u0119cej i dzisiaj \u017caden ksi\u0105dz nie mo\u017ce od nich ucieka\u0107, ale - wprost przeciwnie - podejmowa\u0107 nowe wyzwania. To przekonanie sk\u0142oni\u0142o mnie do pr\u00f3by otwarcia tego\u017c bloga, chocia\u017c okazji do rozm\u00f3w na co dzie\u0144 - w konfesjonale i poza nim - na szcz\u0119\u015bcie nie brakuje. My\u015bl\u0119 jednak, \u017ce ten blog b\u0119dzie jeszcze jednym sposobem i przestrzeni\u0105 nawi\u0105zania kontaktu z lud\u017ami dobrej woli, otwartymi na dialog.","url":"https:\/\/gaudiumetspes-blog.pl\/index.php\/author\/ks-jacek\/"}]}},"jetpack_featured_media_url":"","jetpack_sharing_enabled":true,"_links":{"self":[{"href":"https:\/\/gaudiumetspes-blog.pl\/index.php\/wp-json\/wp\/v2\/posts\/9977","targetHints":{"allow":["GET"]}}],"collection":[{"href":"https:\/\/gaudiumetspes-blog.pl\/index.php\/wp-json\/wp\/v2\/posts"}],"about":[{"href":"https:\/\/gaudiumetspes-blog.pl\/index.php\/wp-json\/wp\/v2\/types\/post"}],"author":[{"embeddable":true,"href":"https:\/\/gaudiumetspes-blog.pl\/index.php\/wp-json\/wp\/v2\/users\/1"}],"replies":[{"embeddable":true,"href":"https:\/\/gaudiumetspes-blog.pl\/index.php\/wp-json\/wp\/v2\/comments?post=9977"}],"version-history":[{"count":1,"href":"https:\/\/gaudiumetspes-blog.pl\/index.php\/wp-json\/wp\/v2\/posts\/9977\/revisions"}],"predecessor-version":[{"id":10106,"href":"https:\/\/gaudiumetspes-blog.pl\/index.php\/wp-json\/wp\/v2\/posts\/9977\/revisions\/10106"}],"wp:attachment":[{"href":"https:\/\/gaudiumetspes-blog.pl\/index.php\/wp-json\/wp\/v2\/media?parent=9977"}],"wp:term":[{"taxonomy":"category","embeddable":true,"href":"https:\/\/gaudiumetspes-blog.pl\/index.php\/wp-json\/wp\/v2\/categories?post=9977"},{"taxonomy":"post_tag","embeddable":true,"href":"https:\/\/gaudiumetspes-blog.pl\/index.php\/wp-json\/wp\/v2\/tags?post=9977"}],"curies":[{"name":"wp","href":"https:\/\/api.w.org\/{rel}","templated":true}]}}