{"id":9978,"date":"2011-01-17T02:43:00","date_gmt":"2011-01-17T01:43:00","guid":{"rendered":"https:\/\/gaudiumetspes-blog.pl\/index.php\/2011\/01\/17\/jezus-jest-synem-bozy\/"},"modified":"2019-07-31T12:52:01","modified_gmt":"2019-07-31T10:52:01","slug":"jezus-jest-synem-bozy","status":"publish","type":"post","link":"https:\/\/gaudiumetspes-blog.pl\/index.php\/2011\/01\/17\/jezus-jest-synem-bozy\/","title":{"rendered":"Jezus jest Synem Bo\u017cym?"},"content":{"rendered":"<p>Najserdeczniej pozdrawiam w niedziel\u0119 &#8211; Dzie\u0144 Pa\u0144ski. Liturgia S\u0142owa dzisiaj kieruje nasz\u0105 refleksj\u0119 do odpowiedzi na pytanie, postawione w tytule &#8211; takie pytanie ka\u017cdy sobie musi ci\u0105gle zadawa\u0107: Czy Jezus dla mnie naprawd\u0119 jest Synem Bo\u017cym? \u017bycz\u0119 b\u0142ogos\u0142awionego Dnia Pa\u0144skiego!<br style=\"font-family: 'Times New Roman';\" \/>&nbsp;&nbsp;&nbsp;&nbsp;&nbsp;&nbsp;&nbsp;&nbsp;&nbsp;&nbsp;&nbsp;&nbsp;&nbsp;&nbsp;&nbsp;&nbsp;&nbsp;&nbsp;&nbsp;&nbsp;&nbsp;&nbsp;&nbsp;&nbsp;&nbsp;&nbsp;&nbsp;&nbsp;&nbsp;&nbsp;&nbsp;&nbsp;&nbsp;&nbsp;&nbsp;&nbsp; Gaudium et spes!&nbsp; Ks. Jacek<\/p>\n<div class=\"MsoNormal\" style=\"font-family: 'Times New Roman'; font-size: 14px; margin-bottom: 0px; margin-left: 0px; margin-right: 0px; margin-top: 0.4em; text-align: justify;\"><b>2 Niedziela Zwyk\u0142a, rok A,<\/b><\/div>\n<div class=\"MsoNormal\" style=\"font-family: 'Times New Roman'; font-size: 14px; margin-bottom: 0px; margin-left: 0px; margin-right: 0px; margin-top: 0.4em; text-align: justify;\"><b>do czyta\u0144:&nbsp;&nbsp;Iz 49,3.5\u20136;&nbsp;1 Kor 1,1\u20133;&nbsp;&nbsp;J 1,29\u201334<\/b><\/div>\n<div class=\"MsoNormal\" style=\"font-family: 'Times New Roman'; font-size: 14px; margin-bottom: 0px; margin-left: 0px; margin-right: 0px; margin-top: 0.4em; text-align: justify; text-indent: 35.4pt;\">Us\u0142yszane przez nas przed chwil\u0105 \u015bwiadectwo Jana Chrzciciela&nbsp;<b>o Jezusie Chrystusie jako Synu Bo\u017cym<\/b>&nbsp;by\u0142o bardzo wa\u017cne, stanowi\u0142o bowiem&nbsp;<b>mocny argument do dyskusji z uczonymi w Pi\u015bmie i faryzeuszami,&nbsp;<\/b>zarzucaj\u0105cymi Jezusowi, i\u017c w nieuprawniony spos\u00f3b przypisuje sobie synostwo Bo\u017ce.<\/div>\n<div class=\"MsoNormal\" style=\"font-family: 'Times New Roman'; font-size: 14px; margin-bottom: 0px; margin-left: 0px; margin-right: 0px; margin-top: 0.4em; text-align: justify; text-indent: 35.4pt;\">Jan Chrzciciel m\u00f3wi dzi\u015b zatem bardzo jasno, a jego \u015bwiadectwo ma o tyle istotne znaczenie, \u017ce przecie\u017c \u2013 jak pami\u0119tamy chocia\u017cby z rozwa\u017ca\u0144 adwentowych \u2013&nbsp;<b>by\u0142 on cz\u0142owiekiem ciesz\u0105cym si\u0119 du\u017cym uznaniem w\u015br\u00f3d ludu.<\/b>&nbsp;Nad Jordan, gdzie udziela\u0142 chrztu nawr\u00f3cenia, przychodzi\u0142y&nbsp;<b>ca\u0142e rzesze ludzi, nie wy\u0142\u0105czaj\u0105c wspomnianych ju\u017c faryzeusz\u00f3w.&nbsp;<\/b>Misj\u0105 Jana by\u0142o przygotowanie ludzi na przyj\u015bcie Zbawiciela. Skoro zatem wypowiedzia\u0142 o Jezusie takie s\u0142owa, jakie dzi\u015b us\u0142yszeli\u015bmy, to jego \u015bwiadectwo&nbsp;<b>nabiera szczeg\u00f3lnego znaczenia.&nbsp;<\/b><\/div>\n<div class=\"MsoNormal\" style=\"font-family: 'Times New Roman'; font-size: 14px; margin-bottom: 0px; margin-left: 0px; margin-right: 0px; margin-top: 0.4em; text-align: justify; text-indent: 35.4pt;\">Tym bardziej, \u017ce jest ono wzmocnione znakiem Ducha \u015awi\u0119tego, pojawiaj\u0105cego si\u0119 w postaci go\u0142\u0119bicy i wskazuj\u0105cego&nbsp;<b>w\u0142a\u015bnie na Jezusa jako na Syna Bo\u017cego.&nbsp;<\/b>Warto tu mo\u017ce przy okazji wspomnie\u0107, \u017ce motyw go\u0142\u0119bicy, jako znaku Ducha \u015awi\u0119tego,&nbsp;<b>pojawia si\u0119 we wszystkich Ewangeliach,<\/b>&nbsp;tylko w pozosta\u0142ych trzech s\u0142yszymy o tym w kontek\u015bcie chrztu Jezusa, a Jan Aposto\u0142 tego wydarzenia nie opisuje. Dlatego s\u0142yszymy o tym dzisiaj. Niemniej jednak, bardzo jednoznacznie i mocno w tym kontek\u015bcie brzmi\u0105 s\u0142owa Chrzciciela:&nbsp;<b><i>Ja to ujrza\u0142em i daj\u0119 \u015bwiadectwo, \u017ce On jest Synem Bo\u017cym<\/i>.<\/b><\/div>\n<div class=\"MsoNormal\" style=\"font-family: 'Times New Roman'; font-size: 14px; margin-bottom: 0px; margin-left: 0px; margin-right: 0px; margin-top: 0.4em; text-align: justify; text-indent: 35.4pt;\">Jest zatem Jezus&nbsp;<b>owym S\u0142ug\u0105 Bo\u017cym,<\/b>&nbsp;o kt\u00f3rym w swoim proroctwie cz\u0119sto m\u00f3wi Izajasz. Tak\u017ce dzisiaj, w pierwszym czytaniu, to okre\u015blenie si\u0119 pojawia. S\u0142ug\u0105 tym&nbsp;<b>mia\u0142 by\u0107 ca\u0142y Nar\u00f3d Wybrany.&nbsp;<\/b>Skoro jednak nie spe\u0142ni\u0142 on oczekiwa\u0144, jakie B\u00f3g w nim z\u0142o\u017cy\u0142 i swoim \u017cyciem nie da\u0142 dobrego \u015bwiadectwa pos\u0142usze\u0144stwa i wierno\u015bci Bogu,&nbsp;<b>powo\u0142any zostanie nowy S\u0142uga Bo\u017cy,&nbsp;<\/b>kt\u00f3ry otrzyma misj\u0119 pojednania z Nim zagubionego ludu oraz zaniesienia zbawienia ca\u0142emu \u015bwiatu.<\/div>\n<div class=\"MsoNormal\" style=\"font-family: 'Times New Roman'; font-size: 14px; margin-bottom: 0px; margin-left: 0px; margin-right: 0px; margin-top: 0.4em; text-align: justify; text-indent: 35.4pt;\">Na przestrzeni wiek\u00f3w zapowied\u017a t\u0119 odnoszono do r\u00f3\u017cnych w\u0142adc\u00f3w i wielkich m\u0119\u017c\u00f3w, mi\u0119dzy innymi do Cyrusa, potem do Dariusza, kt\u00f3ry w 520 r. przed Chrystusem odnowi\u0142 zgod\u0119 na odbudow\u0119 \u015bwi\u0105tyni jerozolimskiej. Jednak&nbsp;<b>w najpe\u0142niejszym stopniu zapowied\u017a dotycz\u0105ca S\u0142ugi Bo\u017cego wype\u0142ni\u0142a si\u0119 w Jezusie Chrystusie!<\/b>&nbsp;To do Niego w ca\u0142ej rozci\u0105g\u0142o\u015bci mo\u017cna bowiem odnie\u015b\u0107 s\u0142owa, dzisiaj przez Izajasza wyg\u0142oszone:&nbsp;<b><i>Ustanowi\u0119 ci\u0119 \u015bwiat\u0142o\u015bci\u0105 dla pogan, aby moje zbawienie dotar\u0142o a\u017c do kra\u0144c\u00f3w ziemi<\/i><\/b>.<\/div>\n<div class=\"MsoNormal\" style=\"font-family: 'Times New Roman'; font-size: 14px; margin-bottom: 0px; margin-left: 0px; margin-right: 0px; margin-top: 0.4em; text-align: justify; text-indent: 35.4pt;\">Kochani, te wszystkie refleksje, oparte na dzisiejszym Bo\u017cym S\u0142owie, musz\u0105 i nas tak\u017ce sk\u0142ania\u0107 do zastanowienia si\u0119 nad tym,&nbsp;<b>kim dla ka\u017cdej i ka\u017cdego z nas, dla Ciebie i dla mnie \u2013 jest Jezus Chrystus?<\/b>Jakie ja m\u00f3g\u0142bym da\u0107 o Nim \u015bwiadectwo?<\/div>\n<div class=\"MsoNormal\" style=\"font-family: 'Times New Roman'; font-size: 14px; margin-bottom: 0px; margin-left: 0px; margin-right: 0px; margin-top: 0.4em; text-align: justify; text-indent: 35.4pt;\">Kochani, to bardzo wa\u017cne, bo my tym imieniem Jezusa<b>pos\u0142ugujemy si\u0119 bardzo cz\u0119sto.&nbsp;<\/b>I ju\u017c nawet pomijam spraw\u0119 nadu\u017cywania tego\u017c Imienia, ale w taki w\u0142a\u015bciwy, pobo\u017cny spos\u00f3b cz\u0119sto je wypowiadamy \u2013 w modlitwach, w rozmowach\u2026 Trzeba nam jednak ci\u0105gle, ale to ci\u0105gle powraca\u0107 do pytania,&nbsp;<b>kim dla mnie ten Jezus jest?<\/b><\/div>\n<div class=\"MsoNormal\" style=\"font-family: 'Times New Roman'; font-size: 14px; margin-bottom: 0px; margin-left: 0px; margin-right: 0px; margin-top: 0.4em; text-align: justify; text-indent: 35.4pt;\">W czasie niedawnych \u015awi\u0105t Narodzenia Pa\u0144skiego widzieli\u015bmy na ekranach telewizor\u00f3w&nbsp;<b>polityk\u00f3w r\u00f3\u017cnych opcji, \u015bpiewaj\u0105cych na przemian kol\u0119dy.<\/b>&nbsp;Mo\u017cna si\u0119 by\u0142o przy tym nieco u\u015bmiechn\u0105\u0107, bo wyra\u017anie da\u0142o si\u0119 zauwa\u017cy\u0107, \u017ce w niekt\u00f3rych przypadkach wi\u0105za\u0142o si\u0119 to z du\u017cym wysi\u0142kiem owego \u015bpiewaj\u0105cego \u2013 i z nie mniejszym \u201ecierpieniem\u201d s\u0142uchaj\u0105cych \u2013 bo wyra\u017anie da\u0142o si\u0119 zauwa\u017cy\u0107 nie za wielki talent do \u015bpiewu\u2026 Ale \u2013 c\u00f3\u017c tam! \u201e\u015apiewa\u0107 ka\u017cdy mo\u017ce\u2026\u201d.<\/div>\n<div class=\"MsoNormal\" style=\"font-family: 'Times New Roman'; font-size: 14px; margin-bottom: 0px; margin-left: 0px; margin-right: 0px; margin-top: 0.4em; text-align: justify; text-indent: 35.4pt;\">I z jednej strony pojawia\u0142a si\u0119 taka refleksja, \u017ce&nbsp;<b>dobrze, i\u017c chocia\u017c ta kol\u0119da pozwoli\u0142a na chwil\u0119 wprowadzi\u0107 jaki\u015b male\u0144ki okruch jedno\u015bci, zgody<\/b>\u2026 Z drugiej jednak strony pojawia\u0142a si\u0119 w sercu i taka my\u015bl, \u017ce przecie\u017c dla wielu tych \u015bpiewaj\u0105cych polityk\u00f3w&nbsp;<b>imi\u0119 i osoba Jezusa tak naprawd\u0119 nic nie znaczy.<\/b>&nbsp;Bo przecie\u017c nie od dzi\u015b wiadomo, jakie pogl\u0105dy w sferze chocia\u017cby moralnej ma ten czy \u00f3w m\u0105\u017c stanu i jakie ustawy w sejmie popiera. Dlatego ten \u015bpiew, do\u015b\u0107 oryginalnie wypadaj\u0105cy przed kamerami,&nbsp;<b>nie stanowi\u0142 niczego wi\u0119cej, jak tylko jednorazowego wyst\u0119pu przed du\u017c\u0105 publiczno\u015bci\u0105.<\/b><\/div>\n<div class=\"MsoNormal\" style=\"font-family: 'Times New Roman'; font-size: 14px; margin-bottom: 0px; margin-left: 0px; margin-right: 0px; margin-top: 0.4em; text-align: justify; text-indent: 35.4pt;\">Podobnie rzecz si\u0119 ma, Kochani, w&nbsp; czasie wizyty duszpasterskiej, kiedy to w ka\u017cdym prawie domu, do kt\u00f3rego wchodzimy, widzi si\u0119 krzy\u017cyk na \u015bcianie i \u015bwi\u0119te obrazki, albo pami\u0105tki z takiej, czy innej pielgrzymki \u2013 do Rzymu, do Ziemi \u015awi\u0119tej, czy jeszcze innej, ale z rozmowy z domownikami wynika, \u017ce&nbsp;<b>na Msz\u0119 \u015awi\u0119t\u0105 to si\u0119 za cz\u0119sto nie chodzi i do Spowiedzi jako\u015b si\u0119 nie dotar\u0142o, i bez \u015blubu si\u0119 razem mieszka<\/b>\u2026 Albo po prostu si\u0119 ksi\u0119dza po kol\u0119dzie nie przyjmuje \u2013 i wtedy jest spok\u00f3j!<\/div>\n<div class=\"MsoNormal\" style=\"font-family: 'Times New Roman'; font-size: 14px; margin-bottom: 0px; margin-left: 0px; margin-right: 0px; margin-top: 0.4em; text-align: justify; text-indent: 35.4pt;\">\u015awi\u0119ty Pawe\u0142 Aposto\u0142 w dzisiejszym drugim czytaniu, stanowi\u0105cym pocz\u0105tek jego Pierwszego Listu do Koryntian, zapisa\u0142&nbsp;<b>wst\u0119pne pozdrowienie, jakie kieruje do adresat\u00f3w<\/b>&nbsp;\u2013 od tego w\u0142a\u015bciwie zaczyna\u0142 ka\u017cdy List \u2013 z jednoczesnym wskazaniem na to,&nbsp;<b>\u017ce on sam jest Aposto\u0142em Jezusa Chrystusa.<\/b>&nbsp;A zatem, pisz\u0105c List do tej konkretnej wsp\u00f3lnoty i podejmuj\u0105c si\u0119 rozwi\u0105zywania problem\u00f3w, jakie w niej wyst\u0119puj\u0105 \u2013 bo w takim w\u0142a\u015bnie kontek\u015bcie Listy te powstawa\u0142y \u2013 zaraz na pocz\u0105tku&nbsp;<b>jasno wskazuje fundament,<\/b>&nbsp;na kt\u00f3rym b\u0119dzie opiera\u0142 swoje rozwa\u017cania, swoje rozstrzygni\u0119cia, swoje pouczenia\u2026<\/div>\n<div class=\"MsoNormal\" style=\"font-family: 'Times New Roman'; font-size: 14px; margin-bottom: 0px; margin-left: 0px; margin-right: 0px; margin-top: 0.4em; text-align: justify; text-indent: 35.4pt;\"><b>Tym fundamentem jest Jezus Chrystus, jest wiara w Niego,<\/b>&nbsp;jest te\u017c przekonanie o tym, \u017ce wszyscy \u2013 zar\u00f3wno sam Pawe\u0142, jak i wierni Koryntu \u2013&nbsp;<b>s\u0105 Ko\u015bcio\u0142em Chrystusa, wok\u00f3\u0142 Chrystusa zjednoczonym i z Chrystusa, jak ze \u017ar\u00f3d\u0142a, czerpi\u0105cym moc i si\u0142\u0119!<\/b><\/div>\n<div class=\"MsoNormal\" style=\"font-family: 'Times New Roman'; font-size: 14px; margin-bottom: 0px; margin-left: 0px; margin-right: 0px; margin-top: 0.4em; text-align: justify; text-indent: 35.4pt;\">A zatem, w wypowiedzi Paw\u0142a stwierdzenia dzi\u015b zapisane nie stanowi\u0105 jakiego\u015b grzeczno\u015bciowego ozdobnika, jakiego\u015b mi\u0142ego, dyplomatycznego pozdrowienia, jakiego\u015b artystycznego wst\u0119pu, ale s\u0105<b>wyra\u017conym ju\u017c w pierwszych s\u0142owach w spos\u00f3b zdecydowany wyznaniem wiary<\/b>&nbsp;i jednoczesnym wskazaniem, \u017ce wszystko, co b\u0119dzie w danym Li\u015bcie zamieszczone, wszystkie decyzje i pouczenia, b\u0119d\u0105 w ca\u0142o\u015bci \u2013 je\u015bli tak mo\u017cna powiedzie\u0107 \u2013&nbsp;<b>prze\u015bwietlone \u015bwiat\u0142em Jezusa<\/b>&nbsp;i na Nim, na Jego nauce, na Jego Osobie, w stu procentach oparte.<\/div>\n<div class=\"MsoNormal\" style=\"font-family: 'Times New Roman'; font-size: 14px; margin-bottom: 0px; margin-left: 0px; margin-right: 0px; margin-top: 0.4em; text-align: justify; text-indent: 35.4pt;\">A czy my, Kochani, mogliby\u015bmy tak bez problemu, \u015bmia\u0142o i odwa\u017cnie,&nbsp;<b>prze\u015bwietli\u0107 \u015bwiat\u0142em Chrystusa wszystkie swoje s\u0142owa, swoje czyny, swoje decyzje, zamierzenia i rozstrzygni\u0119cia? Wszystkie? Bez wyj\u0105tku?&nbsp;<\/b>Czy mo\u017ce jednak niekt\u00f3re wstydliwie ukrywamy i si\u0119 do nich nie przyznajemy, bo dobrze u\u015bwiadamiamy sobie, \u017ce gdyby tak przysz\u0142o \u201ena \u017cywo\u201d spojrze\u0107 w oczy Jezusowi, to trzeba by si\u0119 by\u0142o nie\u017ale zarumieni\u0107 ze wstydu?<\/div>\n<div class=\"MsoNormal\" style=\"font-family: 'Times New Roman'; font-size: 14px; margin-bottom: 0px; margin-left: 0px; margin-right: 0px; margin-top: 0.4em; text-align: justify; text-indent: 35.4pt;\">A przecie\u017c \u2013 to nawet nie o to chodzi!&nbsp;<b>Jezusowi nie zale\u017cy na tym, aby nas \u201edo\u0142owa\u0107\u201d, aby nas ci\u0105gle ruga\u0107,<\/b>&nbsp;aby nam ci\u0105gle pokazywa\u0107, w czym nie doci\u0105gamy, w czym jeste\u015bmy s\u0142abi, albo w og\u00f3le \u2013 \u017ce jeste\u015bmy \u201edo niczego\u201d, wiara w nas s\u0142aba, pobo\u017cno\u015b\u0107 p\u0142ytka, modlitwa byle jaka!<b>Nie! To nie o to chodzi!<\/b><\/div>\n<div class=\"MsoNormal\" style=\"font-family: 'Times New Roman'; font-size: 14px; margin-bottom: 0px; margin-left: 0px; margin-right: 0px; margin-top: 0.4em; text-align: justify; text-indent: 35.4pt;\">I dlatego r\u00f3wnie\u017c rol\u0105 ksi\u0119dza, g\u0142osz\u0105cego Bo\u017ce S\u0142owo czy odwiedzaj\u0105cego po kol\u0119dzie, nie jest krzycze\u0107 na kogokolwiek, czy ruga\u0107 go \u2013 m\u00f3wi\u0105c kolokwialnie \u2013 \u201eod g\u00f3ry do do\u0142u\u201d, jaki to z niego bezbo\u017cnik.<b>Jest natomiast rol\u0105 i zadaniem duszpasterza w spos\u00f3b taktowny i kulturalny, ale jednoznaczny i konkretny, pewne rzeczy po imieniu nazwa\u0107, o pewnych rzeczach przypomnie\u0107 i do w\u0142a\u015bciwych postaw zach\u0119ci\u0107.<\/b>&nbsp;Bo tak w\u0142a\u015bnie post\u0119powa\u0142 Jezus, kt\u00f3ry nieraz nawet bardzo ostro reagowa\u0142 na przewrotno\u015b\u0107 faryzeuszy i uczonych w Pi\u015bmie, ale kt\u00f3ry zawsze z mi\u0142o\u015bci\u0105 czeka\u0142 na ich \u2013 i wszystkich innych \u2013&nbsp;<b>nawr\u00f3cenie, daj\u0105c ka\u017cdemu szans\u0119.<\/b><\/div>\n<div class=\"MsoNormal\" style=\"font-family: 'Times New Roman'; font-size: 14px; margin-bottom: 0px; margin-left: 0px; margin-right: 0px; margin-top: 0.4em; text-align: justify; text-indent: 35.4pt;\">Zatem \u2013 to wszystko, co tu sobie m\u00f3wimy, musi nas prowadzi\u0107 do odpowiedzi na pytanie,&nbsp;<b>kim ten Jezus tak naprawd\u0119 dla mnie jest? Tak naprawd\u0119!&nbsp;<\/b>Czy ja w Niego&nbsp;<b>naprawd\u0119<\/b>&nbsp;wierz\u0119? A je\u017celi wierz\u0119 \u2013 to czy wierz\u0119 tylko w posta\u0107 z zamierzch\u0142ej historii, czy mo\u017ce w kolorowego \u201eJezuska\u201d z dzieci\u0119cych obrazk\u00f3w, czy jednak wierz\u0119&nbsp;<b>w Boga i Zbawiciela, Syna Bo\u017cego, kt\u00f3rego w ka\u017cdej bez wyj\u0105tku sytuacji traktuj\u0119 jako fundament \u017cycia,<\/b>&nbsp;punkt odniesienia, \u017ar\u00f3d\u0142o natchnienia i inspiracji do wszystkiego, co my\u015bl\u0119, m\u00f3wi\u0119 i czyni\u0119, \u017ar\u00f3d\u0142o si\u0142y i mocy do dobrego i m\u0105drego \u017cycia?<\/div>\n<div class=\"MsoNormal\" style=\"font-family: 'Times New Roman'; font-size: 14px; margin-bottom: 0px; margin-left: 0px; margin-right: 0px; margin-top: 0.4em; text-align: justify; text-indent: 35.4pt;\">Jan Chrzciciel dzisiaj tak jednoznacznie i konkretnie stwierdzi\u0142:&nbsp;<b><i>Ja to ujrza\u0142em i daj\u0119 \u015bwiadectwo, \u017ce On jest Synem Bo\u017cym<\/i>!<\/b>&nbsp;Oby\u015bmy my swoimi czynami i ca\u0142\u0105 swoj\u0105 postaw\u0105 mogli si\u0119 pod tymi s\u0142owami podpisa\u0107!<\/div>\n<div class=\"MsoNormal\" style=\"font-family: 'Times New Roman'; font-size: 14px; margin-bottom: 0px; margin-left: 0px; margin-right: 0px; margin-top: 0.4em; text-align: justify;\">&nbsp;&nbsp;&nbsp;&nbsp;&nbsp;&nbsp;&nbsp;&nbsp;&nbsp;&nbsp;&nbsp;&nbsp;W tym kontek\u015bcie zastan\u00f3wmy si\u0119 przez chwil\u0119:<\/div>\n<ul style=\"font-family: 'Times New Roman'; font-size: 14px; margin-top: 0cm;\" type=\"disc\">\n<li class=\"MsoNormal\" style=\"text-align: justify;\">Czy wszystkie obszary mojego \u017cycia s\u0105 na tyle jasne i przejrzyste, \u017ce nie musz\u0119 si\u0119 ich wstydzi\u0107 przed Jezusem?<\/li>\n<li class=\"MsoNormal\" style=\"text-align: justify;\">Czy u\u015bwiadamiaj\u0105c sobie jakie\u015b z\u0142o, staram si\u0119 je poprawi\u0107, czy uciekam przed Jezusem, \u017ceby \u201espokojnie\u201d m\u00f3c grzeszy\u0107?<\/li>\n<li class=\"MsoNormal\" style=\"text-align: justify;\">Czy nie stworzy\u0142em sobie i nie g\u0142osz\u0119 prywatnej filozofii \u017cyciowej, b\u0119d\u0105cej usprawiedliwianiem na si\u0142\u0119 \u0142amania przeze mnie Prawa Bo\u017cego?<\/li>\n<\/ul>\n<div class=\"MsoNormal\" style=\"font-family: 'Times New Roman'; font-size: 14px; margin-bottom: 0px; margin-left: 0px; margin-right: 0px; margin-top: 0.4em; text-align: justify; text-indent: 35.4pt;\"><b><i>Ja to ujrza\u0142em i daj\u0119 \u015bwiadectwo, \u017ce On jest Synem Bo\u017cym<\/i><\/b><b>!<\/b><\/div>\n<div><b><br \/>\n<\/b><\/div>\n","protected":false},"excerpt":{"rendered":"<p>Najserdeczniej pozdrawiam w niedziel\u0119 &#8211; Dzie\u0144 Pa\u0144ski. Liturgia S\u0142owa dzisiaj kieruje nasz\u0105 refleksj\u0119 do odpowiedzi na pytanie, postawione w tytule &#8211; takie pytanie ka\u017cdy sobie musi ci\u0105gle zadawa\u0107: Czy Jezus dla mnie naprawd\u0119 jest Synem Bo\u017cym? \u017bycz\u0119 b\u0142ogos\u0142awionego Dnia Pa\u0144skiego!&nbsp;&nbsp;&nbsp;&nbsp;&nbsp;&nbsp;&nbsp;&nbsp;&nbsp;&nbsp;&nbsp;&nbsp;&nbsp;&nbsp;&nbsp;&nbsp;&nbsp;&nbsp;&nbsp;&nbsp;&nbsp;&nbsp;&nbsp;&nbsp;&nbsp;&nbsp;&nbsp;&nbsp;&nbsp;&nbsp;&nbsp;&nbsp;&nbsp;&nbsp;&nbsp;&nbsp; Gaudium et spes!&nbsp; Ks. Jacek 2 Niedziela Zwyk\u0142a, rok A, do czyta\u0144:&nbsp;&nbsp;Iz 49,3.5\u20136;&nbsp;1 Kor 1,1\u20133;&nbsp;&nbsp;J [&hellip;]<\/p>\n","protected":false},"author":1,"featured_media":0,"comment_status":"open","ping_status":"open","sticky":false,"template":"","format":"standard","meta":{"jetpack_post_was_ever_published":false,"_jetpack_newsletter_access":"","_jetpack_dont_email_post_to_subs":false,"_jetpack_newsletter_tier_id":0,"_jetpack_memberships_contains_paywalled_content":false,"_jetpack_memberships_contains_paid_content":false,"footnotes":""},"categories":[1],"tags":[],"class_list":["post-9978","post","type-post","status-publish","format-standard","hentry","category-bez-kategorii"],"yoast_head":"<!-- This site is optimized with the Yoast SEO plugin v25.1 - https:\/\/yoast.com\/wordpress\/plugins\/seo\/ -->\n<title>Jezus jest Synem Bo\u017cym? - Gaudium Et Spes<\/title>\n<meta name=\"robots\" content=\"index, follow, max-snippet:-1, max-image-preview:large, max-video-preview:-1\" \/>\n<link rel=\"canonical\" href=\"https:\/\/gaudiumetspes-blog.pl\/index.php\/2011\/01\/17\/jezus-jest-synem-bozy\/\" \/>\n<meta property=\"og:locale\" content=\"pl_PL\" \/>\n<meta property=\"og:type\" content=\"article\" \/>\n<meta property=\"og:title\" content=\"Jezus jest Synem Bo\u017cym? - Gaudium Et Spes\" \/>\n<meta property=\"og:description\" content=\"Najserdeczniej pozdrawiam w niedziel\u0119 &#8211; Dzie\u0144 Pa\u0144ski. Liturgia S\u0142owa dzisiaj kieruje nasz\u0105 refleksj\u0119 do odpowiedzi na pytanie, postawione w tytule &#8211; takie pytanie ka\u017cdy sobie musi ci\u0105gle zadawa\u0107: Czy Jezus dla mnie naprawd\u0119 jest Synem Bo\u017cym? \u017bycz\u0119 b\u0142ogos\u0142awionego Dnia Pa\u0144skiego!&nbsp;&nbsp;&nbsp;&nbsp;&nbsp;&nbsp;&nbsp;&nbsp;&nbsp;&nbsp;&nbsp;&nbsp;&nbsp;&nbsp;&nbsp;&nbsp;&nbsp;&nbsp;&nbsp;&nbsp;&nbsp;&nbsp;&nbsp;&nbsp;&nbsp;&nbsp;&nbsp;&nbsp;&nbsp;&nbsp;&nbsp;&nbsp;&nbsp;&nbsp;&nbsp;&nbsp; Gaudium et spes!&nbsp; Ks. Jacek 2 Niedziela Zwyk\u0142a, rok A, do czyta\u0144:&nbsp;&nbsp;Iz 49,3.5\u20136;&nbsp;1 Kor 1,1\u20133;&nbsp;&nbsp;J [&hellip;]\" \/>\n<meta property=\"og:url\" content=\"https:\/\/gaudiumetspes-blog.pl\/index.php\/2011\/01\/17\/jezus-jest-synem-bozy\/\" \/>\n<meta property=\"og:site_name\" content=\"Gaudium Et Spes\" \/>\n<meta property=\"article:published_time\" content=\"2011-01-17T01:43:00+00:00\" \/>\n<meta property=\"article:modified_time\" content=\"2019-07-31T10:52:01+00:00\" \/>\n<meta name=\"author\" content=\"Ks. Jacek\" \/>\n<meta name=\"twitter:card\" content=\"summary_large_image\" \/>\n<meta name=\"twitter:label1\" content=\"Napisane przez\" \/>\n\t<meta name=\"twitter:data1\" content=\"Ks. Jacek\" \/>\n\t<meta name=\"twitter:label2\" content=\"Szacowany czas czytania\" \/>\n\t<meta name=\"twitter:data2\" content=\"9 minut\" \/>\n<script type=\"application\/ld+json\" class=\"yoast-schema-graph\">{\"@context\":\"https:\/\/schema.org\",\"@graph\":[{\"@type\":\"WebPage\",\"@id\":\"https:\/\/gaudiumetspes-blog.pl\/index.php\/2011\/01\/17\/jezus-jest-synem-bozy\/\",\"url\":\"https:\/\/gaudiumetspes-blog.pl\/index.php\/2011\/01\/17\/jezus-jest-synem-bozy\/\",\"name\":\"Jezus jest Synem Bo\u017cym? - Gaudium Et Spes\",\"isPartOf\":{\"@id\":\"https:\/\/gaudiumetspes-blog.pl\/#website\"},\"datePublished\":\"2011-01-17T01:43:00+00:00\",\"dateModified\":\"2019-07-31T10:52:01+00:00\",\"author\":{\"@id\":\"https:\/\/gaudiumetspes-blog.pl\/#\/schema\/person\/1661982992b752dea8dff0d4ed845a65\"},\"breadcrumb\":{\"@id\":\"https:\/\/gaudiumetspes-blog.pl\/index.php\/2011\/01\/17\/jezus-jest-synem-bozy\/#breadcrumb\"},\"inLanguage\":\"pl-PL\",\"potentialAction\":[{\"@type\":\"ReadAction\",\"target\":[\"https:\/\/gaudiumetspes-blog.pl\/index.php\/2011\/01\/17\/jezus-jest-synem-bozy\/\"]}]},{\"@type\":\"BreadcrumbList\",\"@id\":\"https:\/\/gaudiumetspes-blog.pl\/index.php\/2011\/01\/17\/jezus-jest-synem-bozy\/#breadcrumb\",\"itemListElement\":[{\"@type\":\"ListItem\",\"position\":1,\"name\":\"Strona g\u0142\u00f3wna\",\"item\":\"https:\/\/gaudiumetspes-blog.pl\/\"},{\"@type\":\"ListItem\",\"position\":2,\"name\":\"Jezus jest Synem Bo\u017cym?\"}]},{\"@type\":\"WebSite\",\"@id\":\"https:\/\/gaudiumetspes-blog.pl\/#website\",\"url\":\"https:\/\/gaudiumetspes-blog.pl\/\",\"name\":\"Gaudium Et Spes\",\"description\":\"Blog Ks. Jacka Ja\u015bkowskiego\",\"potentialAction\":[{\"@type\":\"SearchAction\",\"target\":{\"@type\":\"EntryPoint\",\"urlTemplate\":\"https:\/\/gaudiumetspes-blog.pl\/?s={search_term_string}\"},\"query-input\":{\"@type\":\"PropertyValueSpecification\",\"valueRequired\":true,\"valueName\":\"search_term_string\"}}],\"inLanguage\":\"pl-PL\"},{\"@type\":\"Person\",\"@id\":\"https:\/\/gaudiumetspes-blog.pl\/#\/schema\/person\/1661982992b752dea8dff0d4ed845a65\",\"name\":\"Ks. Jacek\",\"image\":{\"@type\":\"ImageObject\",\"inLanguage\":\"pl-PL\",\"@id\":\"https:\/\/gaudiumetspes-blog.pl\/#\/schema\/person\/image\/\",\"url\":\"https:\/\/gaudiumetspes-blog.pl\/wp-content\/uploads\/2019\/07\/avatar-JJ-150x150.jpg\",\"contentUrl\":\"https:\/\/gaudiumetspes-blog.pl\/wp-content\/uploads\/2019\/07\/avatar-JJ-150x150.jpg\",\"caption\":\"Ks. Jacek\"},\"description\":\"Witam serdecznie! K\u0142ania si\u0119 Ks. Jacek Ja\u015bkowski. Nie jestem ani kim\u015b wa\u017cnym, ani kim\u015b znanym. Jestem ksi\u0119dzem, kt\u00f3ry po prostu chce rozmawia\u0107. Codzienna kap\u0142a\u0144ska pos\u0142uga pokazuje mi, \u017ce temat\u00f3w do rozm\u00f3w z ksi\u0119dzem jest coraz wi\u0119cej i dzisiaj \u017caden ksi\u0105dz nie mo\u017ce od nich ucieka\u0107, ale - wprost przeciwnie - podejmowa\u0107 nowe wyzwania. To przekonanie sk\u0142oni\u0142o mnie do pr\u00f3by otwarcia tego\u017c bloga, chocia\u017c okazji do rozm\u00f3w na co dzie\u0144 - w konfesjonale i poza nim - na szcz\u0119\u015bcie nie brakuje. My\u015bl\u0119 jednak, \u017ce ten blog b\u0119dzie jeszcze jednym sposobem i przestrzeni\u0105 nawi\u0105zania kontaktu z lud\u017ami dobrej woli, otwartymi na dialog.\",\"url\":\"https:\/\/gaudiumetspes-blog.pl\/index.php\/author\/ks-jacek\/\"}]}<\/script>\n<!-- \/ Yoast SEO plugin. -->","yoast_head_json":{"title":"Jezus jest Synem Bo\u017cym? - Gaudium Et Spes","robots":{"index":"index","follow":"follow","max-snippet":"max-snippet:-1","max-image-preview":"max-image-preview:large","max-video-preview":"max-video-preview:-1"},"canonical":"https:\/\/gaudiumetspes-blog.pl\/index.php\/2011\/01\/17\/jezus-jest-synem-bozy\/","og_locale":"pl_PL","og_type":"article","og_title":"Jezus jest Synem Bo\u017cym? - Gaudium Et Spes","og_description":"Najserdeczniej pozdrawiam w niedziel\u0119 &#8211; Dzie\u0144 Pa\u0144ski. Liturgia S\u0142owa dzisiaj kieruje nasz\u0105 refleksj\u0119 do odpowiedzi na pytanie, postawione w tytule &#8211; takie pytanie ka\u017cdy sobie musi ci\u0105gle zadawa\u0107: Czy Jezus dla mnie naprawd\u0119 jest Synem Bo\u017cym? \u017bycz\u0119 b\u0142ogos\u0142awionego Dnia Pa\u0144skiego!&nbsp;&nbsp;&nbsp;&nbsp;&nbsp;&nbsp;&nbsp;&nbsp;&nbsp;&nbsp;&nbsp;&nbsp;&nbsp;&nbsp;&nbsp;&nbsp;&nbsp;&nbsp;&nbsp;&nbsp;&nbsp;&nbsp;&nbsp;&nbsp;&nbsp;&nbsp;&nbsp;&nbsp;&nbsp;&nbsp;&nbsp;&nbsp;&nbsp;&nbsp;&nbsp;&nbsp; Gaudium et spes!&nbsp; Ks. Jacek 2 Niedziela Zwyk\u0142a, rok A, do czyta\u0144:&nbsp;&nbsp;Iz 49,3.5\u20136;&nbsp;1 Kor 1,1\u20133;&nbsp;&nbsp;J [&hellip;]","og_url":"https:\/\/gaudiumetspes-blog.pl\/index.php\/2011\/01\/17\/jezus-jest-synem-bozy\/","og_site_name":"Gaudium Et Spes","article_published_time":"2011-01-17T01:43:00+00:00","article_modified_time":"2019-07-31T10:52:01+00:00","author":"Ks. Jacek","twitter_card":"summary_large_image","twitter_misc":{"Napisane przez":"Ks. Jacek","Szacowany czas czytania":"9 minut"},"schema":{"@context":"https:\/\/schema.org","@graph":[{"@type":"WebPage","@id":"https:\/\/gaudiumetspes-blog.pl\/index.php\/2011\/01\/17\/jezus-jest-synem-bozy\/","url":"https:\/\/gaudiumetspes-blog.pl\/index.php\/2011\/01\/17\/jezus-jest-synem-bozy\/","name":"Jezus jest Synem Bo\u017cym? - Gaudium Et Spes","isPartOf":{"@id":"https:\/\/gaudiumetspes-blog.pl\/#website"},"datePublished":"2011-01-17T01:43:00+00:00","dateModified":"2019-07-31T10:52:01+00:00","author":{"@id":"https:\/\/gaudiumetspes-blog.pl\/#\/schema\/person\/1661982992b752dea8dff0d4ed845a65"},"breadcrumb":{"@id":"https:\/\/gaudiumetspes-blog.pl\/index.php\/2011\/01\/17\/jezus-jest-synem-bozy\/#breadcrumb"},"inLanguage":"pl-PL","potentialAction":[{"@type":"ReadAction","target":["https:\/\/gaudiumetspes-blog.pl\/index.php\/2011\/01\/17\/jezus-jest-synem-bozy\/"]}]},{"@type":"BreadcrumbList","@id":"https:\/\/gaudiumetspes-blog.pl\/index.php\/2011\/01\/17\/jezus-jest-synem-bozy\/#breadcrumb","itemListElement":[{"@type":"ListItem","position":1,"name":"Strona g\u0142\u00f3wna","item":"https:\/\/gaudiumetspes-blog.pl\/"},{"@type":"ListItem","position":2,"name":"Jezus jest Synem Bo\u017cym?"}]},{"@type":"WebSite","@id":"https:\/\/gaudiumetspes-blog.pl\/#website","url":"https:\/\/gaudiumetspes-blog.pl\/","name":"Gaudium Et Spes","description":"Blog Ks. Jacka Ja\u015bkowskiego","potentialAction":[{"@type":"SearchAction","target":{"@type":"EntryPoint","urlTemplate":"https:\/\/gaudiumetspes-blog.pl\/?s={search_term_string}"},"query-input":{"@type":"PropertyValueSpecification","valueRequired":true,"valueName":"search_term_string"}}],"inLanguage":"pl-PL"},{"@type":"Person","@id":"https:\/\/gaudiumetspes-blog.pl\/#\/schema\/person\/1661982992b752dea8dff0d4ed845a65","name":"Ks. Jacek","image":{"@type":"ImageObject","inLanguage":"pl-PL","@id":"https:\/\/gaudiumetspes-blog.pl\/#\/schema\/person\/image\/","url":"https:\/\/gaudiumetspes-blog.pl\/wp-content\/uploads\/2019\/07\/avatar-JJ-150x150.jpg","contentUrl":"https:\/\/gaudiumetspes-blog.pl\/wp-content\/uploads\/2019\/07\/avatar-JJ-150x150.jpg","caption":"Ks. Jacek"},"description":"Witam serdecznie! K\u0142ania si\u0119 Ks. Jacek Ja\u015bkowski. Nie jestem ani kim\u015b wa\u017cnym, ani kim\u015b znanym. Jestem ksi\u0119dzem, kt\u00f3ry po prostu chce rozmawia\u0107. Codzienna kap\u0142a\u0144ska pos\u0142uga pokazuje mi, \u017ce temat\u00f3w do rozm\u00f3w z ksi\u0119dzem jest coraz wi\u0119cej i dzisiaj \u017caden ksi\u0105dz nie mo\u017ce od nich ucieka\u0107, ale - wprost przeciwnie - podejmowa\u0107 nowe wyzwania. To przekonanie sk\u0142oni\u0142o mnie do pr\u00f3by otwarcia tego\u017c bloga, chocia\u017c okazji do rozm\u00f3w na co dzie\u0144 - w konfesjonale i poza nim - na szcz\u0119\u015bcie nie brakuje. My\u015bl\u0119 jednak, \u017ce ten blog b\u0119dzie jeszcze jednym sposobem i przestrzeni\u0105 nawi\u0105zania kontaktu z lud\u017ami dobrej woli, otwartymi na dialog.","url":"https:\/\/gaudiumetspes-blog.pl\/index.php\/author\/ks-jacek\/"}]}},"jetpack_featured_media_url":"","jetpack_sharing_enabled":true,"_links":{"self":[{"href":"https:\/\/gaudiumetspes-blog.pl\/index.php\/wp-json\/wp\/v2\/posts\/9978","targetHints":{"allow":["GET"]}}],"collection":[{"href":"https:\/\/gaudiumetspes-blog.pl\/index.php\/wp-json\/wp\/v2\/posts"}],"about":[{"href":"https:\/\/gaudiumetspes-blog.pl\/index.php\/wp-json\/wp\/v2\/types\/post"}],"author":[{"embeddable":true,"href":"https:\/\/gaudiumetspes-blog.pl\/index.php\/wp-json\/wp\/v2\/users\/1"}],"replies":[{"embeddable":true,"href":"https:\/\/gaudiumetspes-blog.pl\/index.php\/wp-json\/wp\/v2\/comments?post=9978"}],"version-history":[{"count":1,"href":"https:\/\/gaudiumetspes-blog.pl\/index.php\/wp-json\/wp\/v2\/posts\/9978\/revisions"}],"predecessor-version":[{"id":10105,"href":"https:\/\/gaudiumetspes-blog.pl\/index.php\/wp-json\/wp\/v2\/posts\/9978\/revisions\/10105"}],"wp:attachment":[{"href":"https:\/\/gaudiumetspes-blog.pl\/index.php\/wp-json\/wp\/v2\/media?parent=9978"}],"wp:term":[{"taxonomy":"category","embeddable":true,"href":"https:\/\/gaudiumetspes-blog.pl\/index.php\/wp-json\/wp\/v2\/categories?post=9978"},{"taxonomy":"post_tag","embeddable":true,"href":"https:\/\/gaudiumetspes-blog.pl\/index.php\/wp-json\/wp\/v2\/tags?post=9978"}],"curies":[{"name":"wp","href":"https:\/\/api.w.org\/{rel}","templated":true}]}}