{"id":9982,"date":"2011-01-13T02:40:00","date_gmt":"2011-01-13T01:40:00","guid":{"rendered":"https:\/\/gaudiumetspes-blog.pl\/index.php\/2011\/01\/13\/jezus-wspo-odczuwa-z-nami\/"},"modified":"2019-07-31T12:52:00","modified_gmt":"2019-07-31T10:52:00","slug":"jezus-wspo-odczuwa-z-nami","status":"publish","type":"post","link":"https:\/\/gaudiumetspes-blog.pl\/index.php\/2011\/01\/13\/jezus-wspo-odczuwa-z-nami\/","title":{"rendered":"Jezus wsp\u00f3\u0142-odczuwa z nami&#8230;"},"content":{"rendered":"<p>Witam bardzo serdecznie i zapraszam do refleksji nad tym, w jaki spos\u00f3b Jezus w\u0142\u0105cza si\u0119 nasz ludzki los. A przy okazji &#8211; dzi\u0119kuj\u0119 za g\u0142osy na blogu i zapraszam do dyskusji! Ci\u0105gle jeszcze czekam na Wasze opinie w sprawie Wielkiej Orkiestry tak zwanej \u015awi\u0105tecznej Pomocy.&nbsp;<br style=\"font-family: 'Times New Roman';\" \/>&nbsp;&nbsp;&nbsp;&nbsp;&nbsp;&nbsp;&nbsp;&nbsp;&nbsp;&nbsp;&nbsp;&nbsp;&nbsp;&nbsp;&nbsp;&nbsp;&nbsp;&nbsp;&nbsp;&nbsp; Gaudium et spes!&nbsp; Ks. Jacek<\/p>\n<div class=\"MsoNormal\" style=\"font-family: 'Times New Roman'; font-size: 14px; margin-bottom: 0px; margin-left: 0px; margin-right: 0px; margin-top: 0.4em; text-align: justify;\"><b>\u015aroda 1 tygodnia zwyk\u0142ego, rok I,<\/b><\/div>\n<div class=\"MsoNormal\" style=\"font-family: 'Times New Roman'; font-size: 14px; margin-bottom: 0px; margin-left: 0px; margin-right: 0px; margin-top: 0.4em; text-align: justify;\"><b>do czyta\u0144: Hbr 2,14\u201318; Mk1,29\u201339<\/b><\/div>\n<div class=\"MsoNormal\" style=\"font-family: 'Times New Roman'; font-size: 14px; margin-bottom: 0px; margin-left: 0px; margin-right: 0px; margin-top: 0.4em; text-align: justify; text-indent: 35.4pt;\">Bardzo pi\u0119knie i jasno Autor Listu do Hebrajczyk\u00f3w m\u00f3wi o Jezusie jako o tym, kt\u00f3ry \u2013 rzecz ujmuj\u0105c najkr\u00f3cej \u2013&nbsp;<b>b\u0119d\u0105c Bogiem, jednocze\u015bnie w pe\u0142ni uczestniczy we wszystkim, co ludzkie.<\/b>&nbsp;S\u0142yszymy bowiem:&nbsp;<i>Poniewa\u017c dzieci uczestnicz\u0105 we krwi i ciele<\/i>&nbsp;\u2013 a wi\u0119c we wszystkim, co stanowi o ich ludzkiej egzystencji \u2013&nbsp;<i>dlatego i Jezus tak\u017ce<b>bez \u017cadnej r\u00f3\u017cnicy<\/b>&nbsp;sta\u0142 si\u0119 ich uczestnikiem, aby<\/i>&nbsp;[\u2026]&nbsp;<i>uwolni\u0107 tych wszystkich, kt\u00f3rzy przez ca\u0142e \u017cycie przez boja\u017a\u0144 \u015bmierci podlegli byli niewoli.&nbsp;<\/i>[\u2026]&nbsp;<i>Dlatego musia\u0142 si\u0119 upodobni\u0107&nbsp;<b>pod ka\u017cdym wzgl\u0119dem<\/b>&nbsp;do braci, aby sta\u0142 si\u0119 mi\u0142osiernym i wiernym arcykap\u0142anem wobec Boga dla przeb\u0142agania za grzechy ludu<\/i>.<\/div>\n<div class=\"MsoNormal\" style=\"font-family: 'Times New Roman'; font-size: 14px; margin-bottom: 0px; margin-left: 0px; margin-right: 0px; margin-top: 0.4em; text-align: justify; text-indent: 35.4pt;\">I zdanie, kt\u00f3re \u2013 jak si\u0119 wydaje \u2013 ma znaczenie fundamentalne, wr\u0119cz kluczowe, dla ca\u0142o\u015bci naszych rozwa\u017ca\u0144, bo bardzo trafnie i dog\u0142\u0119bnie charakteryzuje ca\u0142o\u015b\u0107 misji Chrystusa:&nbsp;<b><i>W czym bowiem sam cierpia\u0142, b\u0119d\u0105c do\u015bwiadczany, w tym mo\u017ce przyj\u015b\u0107 z pomoc\u0105 tym, kt\u00f3rzy s\u0105 poddani pr\u00f3bom<\/i><\/b>.<\/div>\n<div class=\"MsoNormal\" style=\"font-family: 'Times New Roman'; font-size: 14px; margin-bottom: 0px; margin-left: 0px; margin-right: 0px; margin-top: 0.4em; text-align: justify; text-indent: 35.4pt;\">Zobaczmy, Kochani, jak\u0105 wa\u017cn\u0105 prawd\u0119 zawiera to stwierdzenie, b\u0119d\u0105ce zreszt\u0105 podsumowaniem wcze\u015bniejszych. Ot\u00f3\u017c, Jezus, jako B\u00f3g,<b>nie m\u00f3g\u0142by w pe\u0142ni odczuwa\u0107<\/b>&nbsp;tego, co odczuwaj\u0105 i prze\u017cywaj\u0105 ludzie, nie m\u00f3g\u0142by mo\u017ce&nbsp;<b>do ko\u0144ca \u201ewej\u015b\u0107\u201d z sytuacj\u0119 cz\u0142owieka,<\/b>&nbsp;sam b\u0119d\u0105c kim\u015b od niego odleg\u0142ym i bezgranicznie wi\u0119kszym\u2026 To znaczy \u2013 u\u015bci\u015blimy! \u2013&nbsp;<b>Jezus z pewno\u015bci\u0105 wiedzia\u0142by i rozumia\u0142by doskonale wszystko,&nbsp;<\/b>bo jest Bogiem i w\u015br\u00f3d atrybut\u00f3w Jego bosko\u015bci jest tak\u017ce wszechwiedza. Jednak to&nbsp;<b>z naszej perspektywy tak by wygl\u0105da\u0142o,&nbsp;<\/b>jak wygl\u0105da w przypadku ca\u0142ego panteonu b\u00f3stw z mitologii greckiej czy rzymskiej \u2013 b\u00f3stw, kt\u00f3re \u017cyj\u0105 sobie gdzie\u015b w za\u015bwiatach,&nbsp;<b>maj\u0105 swoje problemy i nic ich nie obchodz\u0105 sprawy,<\/b>&nbsp;jakie s\u0105 udzia\u0142em cz\u0142owieka na ziemi.&nbsp;<\/div>\n<div class=\"MsoNormal\" style=\"font-family: 'Times New Roman'; font-size: 14px; margin-bottom: 0px; margin-left: 0px; margin-right: 0px; margin-top: 0.4em; text-align: justify; text-indent: 35.4pt;\">Jezus w\u0142a\u015bnie nie jest takim \u201eb\u00f3stwem\u201d z Olimpu \u2013&nbsp;<b>Jezus jest Bogiem prawdziwym,<\/b>&nbsp;a \u017ceby m\u00f3c w pe\u0142ni \u201ewej\u015b\u0107\u201d w histori\u0119 cz\u0142owieka i tym te\u017c cz\u0142owieka przekona\u0107 do siebie \u2013&nbsp;<b>sam sta\u0142 si\u0119 cz\u0142owiekiem.&nbsp;<\/b>I sta\u0142 si\u0119 uczestnikiem ludzkiego cierpienia, wszystkich ludzkich do\u015bwiadcze\u0144 \u2013 opr\u00f3cz grzechu \u2013 wszystkich ludzkich ogranicze\u0144, tak\u017ce pokus, kt\u00f3rym podlega cz\u0142owiek. A skoro temu wszystkiemu zechcia\u0142 podlega\u0107, to mo\u017ce te\u017c&nbsp;<b>szczerze to wszystko z cz\u0142owiekiem wsp\u00f3\u0142\u2013odczuwa\u0107 i mo\u017ce cz\u0142owiekowi pom\u00f3c!<\/b>&nbsp;I tego dokonuje!<\/div>\n<div class=\"MsoNormal\" style=\"font-family: 'Times New Roman'; font-size: 14px; margin-bottom: 0px; margin-left: 0px; margin-right: 0px; margin-top: 0.4em; text-align: justify; text-indent: 35.4pt;\">Oto Ewangelia dzisiejsza stanowi streszczenie pewnego wycinka dzia\u0142alno\u015bci Jezusa \u2013&nbsp;<b>Jego dzia\u0142alno\u015bci uzdrawiaj\u0105cej.<\/b>&nbsp;Pocz\u0105wszy od te\u015bciowej Piotra, uwolni\u0142 On z niemocy fizycznej i duchowej ca\u0142e rzesze ludzi. Ewangelista Marek \u2013 nie bez pewnej przesady \u2013 relacjonuje nam, \u017ce<b><i>ca\u0142e miasto by\u0142o zebrane u drzwi<\/i><\/b>. Kafarnaum, gdzie to si\u0119 wszystko dzia\u0142o, liczy\u0142o w\u00f3wczas kilka tysi\u0119cy ludzi. Czy wszyscy oni przyszli do Jezusa? Pewnie nie, ale Marek, oszo\u0142omiony tym, co zobaczy\u0142,&nbsp;<b>z ogromnym entuzjazmem m\u00f3wi nam o tym, czego Jezus dokona\u0142 i jak wielu ludziom pom\u00f3g\u0142.<\/b>&nbsp;A dlaczego pom\u00f3g\u0142?<\/div>\n<div class=\"MsoNormal\" style=\"font-family: 'Times New Roman'; font-size: 14px; margin-bottom: 0px; margin-left: 0px; margin-right: 0px; margin-top: 0.4em; text-align: justify; text-indent: 35.4pt;\">Bo doskonale ich rozumia\u0142, bo sam uczestniczy\u0142 w pe\u0142ni w ludzkim losie, dlatego Jego s\u0142owa i Jego czyny nie by\u0142y kierowane gdzie\u015b z \u201eza\u015bwiat\u00f3w\u201d, jako pi\u0119kna poezja, czy barwna teoria, ale by\u0142y&nbsp;<b>wynikiem uczestniczenia<\/b>&nbsp;<b><i>we krwi i ciele<\/i><\/b>&nbsp;\u2013 \u017ceby pos\u0142u\u017cy\u0107 si\u0119 stwierdzeniem Autora biblijnego.<\/div>\n<div class=\"MsoNormal\" style=\"font-family: 'Times New Roman'; font-size: 14px; margin-bottom: 0px; margin-left: 0px; margin-right: 0px; margin-top: 0.4em; text-align: justify; text-indent: 35.4pt;\">Kochani, to dzisiejsze przes\u0142anie jest bardzo czytelnym wskazaniem dla nas, aby\u015bmy&nbsp;<b>szeroko korzystaj\u0105c z naszych ludzkich do\u015bwiadcze\u0144<\/b>&nbsp;i naszego ludzkiego prze\u017cywania tego wszystkiego, co niesie \u017cycie, starali si\u0119<b>wsp\u00f3\u0142\u2013odczuwa\u0107 z tymi, kt\u00f3rzy obok nas cierpi\u0105 i kt\u00f3rym gorzej od nas si\u0119 powodzi.<\/b>&nbsp;To prawda, \u017ce nigdy nie da si\u0119 w pe\u0142ni wej\u015b\u0107 w prze\u017cycia drugiego cz\u0142owieka. Ale chodzi o to, aby chcieli&nbsp;<b>wej\u015b\u0107 na tyle, na ile jest to mo\u017cliwe<\/b>&nbsp;\u2013 zawsze ze szczer\u0105 intencj\u0105 pomocy, nigdy w spos\u00f3b brutalny i nachalny, a jednocze\u015bnie \u2013 aby\u015bmy&nbsp;<b>sami do\u015bwiadczaj\u0105c r\u00f3\u017cnych ludzkich ogranicze\u0144 i s\u0142abo\u015bci, tak \u0142atwo nie oskar\u017cali innych o to, z czego sami siebie tak \u0142atwo usprawiedliwiamy!<\/b><\/div>\n<div class=\"MsoNormal\" style=\"font-family: 'Times New Roman'; font-size: 14px; margin-bottom: 0px; margin-left: 0px; margin-right: 0px; margin-top: 0.4em; text-align: justify; text-indent: 35.4pt;\">Starajmy si\u0119 wsp\u00f3\u0142\u2013odczuwa\u0107 z innymi i mierzmy czyny innych \u2013 miar\u0105 swojej w\u0142asnej niedoskona\u0142o\u015bci.<\/div>\n<div class=\"MsoNormal\" style=\"font-family: 'Times New Roman'; font-size: 14px; margin-bottom: 0px; margin-left: 0px; margin-right: 0px; margin-top: 0.4em; text-align: justify; text-indent: 35.4pt;\">I w tym kontek\u015bcie zastan\u00f3wmy si\u0119:<\/div>\n<ul style=\"font-family: 'Times New Roman'; font-size: 14px; margin-top: 0cm;\" type=\"disc\">\n<li class=\"MsoNormal\" style=\"text-align: justify;\">Czy kiedy m\u00f3wi\u0119 komu\u015b, \u017ce sk\u0142adam mu wyrazy wsp\u00f3\u0142czucia, kondolencji, w obliczu \u015bmierci bliskiej osoby \u2013 rzeczywi\u015bcie mu wsp\u00f3\u0142czuj\u0119?<\/li>\n<li class=\"MsoNormal\" style=\"text-align: justify;\">Czy nie oskar\u017cam innych o to, z czego siebie samego \u0142atwo rozgrzeszam?<\/li>\n<li class=\"MsoNormal\" style=\"text-align: justify;\">Czy staram si\u0119 wyzwala\u0107 z takiego przekonania, \u017ce wszystkim wok\u00f3\u0142 dzieje si\u0119 lepiej, a tylko mi zawsze \u201ewiatr w oczy wieje\u201d?<\/li>\n<\/ul>\n<div class=\"MsoNormal\" style=\"font-family: 'Times New Roman'; font-size: 14px; margin-bottom: 0px; margin-left: 0px; margin-right: 0px; margin-top: 0.4em; text-align: justify; text-indent: 35.4pt;\"><b><i>W czym bowiem sam cierpia\u0142, b\u0119d\u0105c do\u015bwiadczany, w tym mo\u017ce przyj\u015b\u0107 z pomoc\u0105 tym, kt\u00f3rzy s\u0105 poddani pr\u00f3bom<\/i><\/b>.<\/div>\n<div>\n<\/div>\n","protected":false},"excerpt":{"rendered":"<p>Witam bardzo serdecznie i zapraszam do refleksji nad tym, w jaki spos\u00f3b Jezus w\u0142\u0105cza si\u0119 nasz ludzki los. A przy okazji &#8211; dzi\u0119kuj\u0119 za g\u0142osy na blogu i zapraszam do dyskusji! Ci\u0105gle jeszcze czekam na Wasze opinie w sprawie Wielkiej Orkiestry tak zwanej \u015awi\u0105tecznej Pomocy.&nbsp;&nbsp;&nbsp;&nbsp;&nbsp;&nbsp;&nbsp;&nbsp;&nbsp;&nbsp;&nbsp;&nbsp;&nbsp;&nbsp;&nbsp;&nbsp;&nbsp;&nbsp;&nbsp;&nbsp;&nbsp; Gaudium et spes!&nbsp; Ks. Jacek \u015aroda 1 tygodnia zwyk\u0142ego, rok [&hellip;]<\/p>\n","protected":false},"author":1,"featured_media":0,"comment_status":"open","ping_status":"open","sticky":false,"template":"","format":"standard","meta":{"jetpack_post_was_ever_published":false,"_jetpack_newsletter_access":"","_jetpack_dont_email_post_to_subs":false,"_jetpack_newsletter_tier_id":0,"_jetpack_memberships_contains_paywalled_content":false,"_jetpack_memberships_contains_paid_content":false,"footnotes":""},"categories":[1],"tags":[],"class_list":["post-9982","post","type-post","status-publish","format-standard","hentry","category-bez-kategorii"],"yoast_head":"<!-- This site is optimized with the Yoast SEO plugin v25.1 - https:\/\/yoast.com\/wordpress\/plugins\/seo\/ -->\n<title>Jezus wsp\u00f3\u0142-odczuwa z nami... - Gaudium Et Spes<\/title>\n<meta name=\"robots\" content=\"index, follow, max-snippet:-1, max-image-preview:large, max-video-preview:-1\" \/>\n<link rel=\"canonical\" href=\"https:\/\/gaudiumetspes-blog.pl\/index.php\/2011\/01\/13\/jezus-wspo-odczuwa-z-nami\/\" \/>\n<meta property=\"og:locale\" content=\"pl_PL\" \/>\n<meta property=\"og:type\" content=\"article\" \/>\n<meta property=\"og:title\" content=\"Jezus wsp\u00f3\u0142-odczuwa z nami... - Gaudium Et Spes\" \/>\n<meta property=\"og:description\" content=\"Witam bardzo serdecznie i zapraszam do refleksji nad tym, w jaki spos\u00f3b Jezus w\u0142\u0105cza si\u0119 nasz ludzki los. A przy okazji &#8211; dzi\u0119kuj\u0119 za g\u0142osy na blogu i zapraszam do dyskusji! Ci\u0105gle jeszcze czekam na Wasze opinie w sprawie Wielkiej Orkiestry tak zwanej \u015awi\u0105tecznej Pomocy.&nbsp;&nbsp;&nbsp;&nbsp;&nbsp;&nbsp;&nbsp;&nbsp;&nbsp;&nbsp;&nbsp;&nbsp;&nbsp;&nbsp;&nbsp;&nbsp;&nbsp;&nbsp;&nbsp;&nbsp;&nbsp; Gaudium et spes!&nbsp; Ks. Jacek \u015aroda 1 tygodnia zwyk\u0142ego, rok [&hellip;]\" \/>\n<meta property=\"og:url\" content=\"https:\/\/gaudiumetspes-blog.pl\/index.php\/2011\/01\/13\/jezus-wspo-odczuwa-z-nami\/\" \/>\n<meta property=\"og:site_name\" content=\"Gaudium Et Spes\" \/>\n<meta property=\"article:published_time\" content=\"2011-01-13T01:40:00+00:00\" \/>\n<meta property=\"article:modified_time\" content=\"2019-07-31T10:52:00+00:00\" \/>\n<meta name=\"author\" content=\"Ks. Jacek\" \/>\n<meta name=\"twitter:card\" content=\"summary_large_image\" \/>\n<meta name=\"twitter:label1\" content=\"Napisane przez\" \/>\n\t<meta name=\"twitter:data1\" content=\"Ks. Jacek\" \/>\n\t<meta name=\"twitter:label2\" content=\"Szacowany czas czytania\" \/>\n\t<meta name=\"twitter:data2\" content=\"5 minut\" \/>\n<script type=\"application\/ld+json\" class=\"yoast-schema-graph\">{\"@context\":\"https:\/\/schema.org\",\"@graph\":[{\"@type\":\"WebPage\",\"@id\":\"https:\/\/gaudiumetspes-blog.pl\/index.php\/2011\/01\/13\/jezus-wspo-odczuwa-z-nami\/\",\"url\":\"https:\/\/gaudiumetspes-blog.pl\/index.php\/2011\/01\/13\/jezus-wspo-odczuwa-z-nami\/\",\"name\":\"Jezus wsp\u00f3\u0142-odczuwa z nami... - Gaudium Et Spes\",\"isPartOf\":{\"@id\":\"https:\/\/gaudiumetspes-blog.pl\/#website\"},\"datePublished\":\"2011-01-13T01:40:00+00:00\",\"dateModified\":\"2019-07-31T10:52:00+00:00\",\"author\":{\"@id\":\"https:\/\/gaudiumetspes-blog.pl\/#\/schema\/person\/1661982992b752dea8dff0d4ed845a65\"},\"breadcrumb\":{\"@id\":\"https:\/\/gaudiumetspes-blog.pl\/index.php\/2011\/01\/13\/jezus-wspo-odczuwa-z-nami\/#breadcrumb\"},\"inLanguage\":\"pl-PL\",\"potentialAction\":[{\"@type\":\"ReadAction\",\"target\":[\"https:\/\/gaudiumetspes-blog.pl\/index.php\/2011\/01\/13\/jezus-wspo-odczuwa-z-nami\/\"]}]},{\"@type\":\"BreadcrumbList\",\"@id\":\"https:\/\/gaudiumetspes-blog.pl\/index.php\/2011\/01\/13\/jezus-wspo-odczuwa-z-nami\/#breadcrumb\",\"itemListElement\":[{\"@type\":\"ListItem\",\"position\":1,\"name\":\"Strona g\u0142\u00f3wna\",\"item\":\"https:\/\/gaudiumetspes-blog.pl\/\"},{\"@type\":\"ListItem\",\"position\":2,\"name\":\"Jezus wsp\u00f3\u0142-odczuwa z&nbsp;nami&#8230;\"}]},{\"@type\":\"WebSite\",\"@id\":\"https:\/\/gaudiumetspes-blog.pl\/#website\",\"url\":\"https:\/\/gaudiumetspes-blog.pl\/\",\"name\":\"Gaudium Et Spes\",\"description\":\"Blog Ks. Jacka Ja\u015bkowskiego\",\"potentialAction\":[{\"@type\":\"SearchAction\",\"target\":{\"@type\":\"EntryPoint\",\"urlTemplate\":\"https:\/\/gaudiumetspes-blog.pl\/?s={search_term_string}\"},\"query-input\":{\"@type\":\"PropertyValueSpecification\",\"valueRequired\":true,\"valueName\":\"search_term_string\"}}],\"inLanguage\":\"pl-PL\"},{\"@type\":\"Person\",\"@id\":\"https:\/\/gaudiumetspes-blog.pl\/#\/schema\/person\/1661982992b752dea8dff0d4ed845a65\",\"name\":\"Ks. Jacek\",\"image\":{\"@type\":\"ImageObject\",\"inLanguage\":\"pl-PL\",\"@id\":\"https:\/\/gaudiumetspes-blog.pl\/#\/schema\/person\/image\/\",\"url\":\"https:\/\/gaudiumetspes-blog.pl\/wp-content\/uploads\/2019\/07\/avatar-JJ-150x150.jpg\",\"contentUrl\":\"https:\/\/gaudiumetspes-blog.pl\/wp-content\/uploads\/2019\/07\/avatar-JJ-150x150.jpg\",\"caption\":\"Ks. Jacek\"},\"description\":\"Witam serdecznie! K\u0142ania si\u0119 Ks. Jacek Ja\u015bkowski. Nie jestem ani kim\u015b wa\u017cnym, ani kim\u015b znanym. Jestem ksi\u0119dzem, kt\u00f3ry po prostu chce rozmawia\u0107. Codzienna kap\u0142a\u0144ska pos\u0142uga pokazuje mi, \u017ce temat\u00f3w do rozm\u00f3w z ksi\u0119dzem jest coraz wi\u0119cej i dzisiaj \u017caden ksi\u0105dz nie mo\u017ce od nich ucieka\u0107, ale - wprost przeciwnie - podejmowa\u0107 nowe wyzwania. To przekonanie sk\u0142oni\u0142o mnie do pr\u00f3by otwarcia tego\u017c bloga, chocia\u017c okazji do rozm\u00f3w na co dzie\u0144 - w konfesjonale i poza nim - na szcz\u0119\u015bcie nie brakuje. My\u015bl\u0119 jednak, \u017ce ten blog b\u0119dzie jeszcze jednym sposobem i przestrzeni\u0105 nawi\u0105zania kontaktu z lud\u017ami dobrej woli, otwartymi na dialog.\",\"url\":\"https:\/\/gaudiumetspes-blog.pl\/index.php\/author\/ks-jacek\/\"}]}<\/script>\n<!-- \/ Yoast SEO plugin. -->","yoast_head_json":{"title":"Jezus wsp\u00f3\u0142-odczuwa z nami... - Gaudium Et Spes","robots":{"index":"index","follow":"follow","max-snippet":"max-snippet:-1","max-image-preview":"max-image-preview:large","max-video-preview":"max-video-preview:-1"},"canonical":"https:\/\/gaudiumetspes-blog.pl\/index.php\/2011\/01\/13\/jezus-wspo-odczuwa-z-nami\/","og_locale":"pl_PL","og_type":"article","og_title":"Jezus wsp\u00f3\u0142-odczuwa z nami... - Gaudium Et Spes","og_description":"Witam bardzo serdecznie i zapraszam do refleksji nad tym, w jaki spos\u00f3b Jezus w\u0142\u0105cza si\u0119 nasz ludzki los. A przy okazji &#8211; dzi\u0119kuj\u0119 za g\u0142osy na blogu i zapraszam do dyskusji! Ci\u0105gle jeszcze czekam na Wasze opinie w sprawie Wielkiej Orkiestry tak zwanej \u015awi\u0105tecznej Pomocy.&nbsp;&nbsp;&nbsp;&nbsp;&nbsp;&nbsp;&nbsp;&nbsp;&nbsp;&nbsp;&nbsp;&nbsp;&nbsp;&nbsp;&nbsp;&nbsp;&nbsp;&nbsp;&nbsp;&nbsp;&nbsp; Gaudium et spes!&nbsp; Ks. Jacek \u015aroda 1 tygodnia zwyk\u0142ego, rok [&hellip;]","og_url":"https:\/\/gaudiumetspes-blog.pl\/index.php\/2011\/01\/13\/jezus-wspo-odczuwa-z-nami\/","og_site_name":"Gaudium Et Spes","article_published_time":"2011-01-13T01:40:00+00:00","article_modified_time":"2019-07-31T10:52:00+00:00","author":"Ks. Jacek","twitter_card":"summary_large_image","twitter_misc":{"Napisane przez":"Ks. Jacek","Szacowany czas czytania":"5 minut"},"schema":{"@context":"https:\/\/schema.org","@graph":[{"@type":"WebPage","@id":"https:\/\/gaudiumetspes-blog.pl\/index.php\/2011\/01\/13\/jezus-wspo-odczuwa-z-nami\/","url":"https:\/\/gaudiumetspes-blog.pl\/index.php\/2011\/01\/13\/jezus-wspo-odczuwa-z-nami\/","name":"Jezus wsp\u00f3\u0142-odczuwa z nami... - Gaudium Et Spes","isPartOf":{"@id":"https:\/\/gaudiumetspes-blog.pl\/#website"},"datePublished":"2011-01-13T01:40:00+00:00","dateModified":"2019-07-31T10:52:00+00:00","author":{"@id":"https:\/\/gaudiumetspes-blog.pl\/#\/schema\/person\/1661982992b752dea8dff0d4ed845a65"},"breadcrumb":{"@id":"https:\/\/gaudiumetspes-blog.pl\/index.php\/2011\/01\/13\/jezus-wspo-odczuwa-z-nami\/#breadcrumb"},"inLanguage":"pl-PL","potentialAction":[{"@type":"ReadAction","target":["https:\/\/gaudiumetspes-blog.pl\/index.php\/2011\/01\/13\/jezus-wspo-odczuwa-z-nami\/"]}]},{"@type":"BreadcrumbList","@id":"https:\/\/gaudiumetspes-blog.pl\/index.php\/2011\/01\/13\/jezus-wspo-odczuwa-z-nami\/#breadcrumb","itemListElement":[{"@type":"ListItem","position":1,"name":"Strona g\u0142\u00f3wna","item":"https:\/\/gaudiumetspes-blog.pl\/"},{"@type":"ListItem","position":2,"name":"Jezus wsp\u00f3\u0142-odczuwa z&nbsp;nami&#8230;"}]},{"@type":"WebSite","@id":"https:\/\/gaudiumetspes-blog.pl\/#website","url":"https:\/\/gaudiumetspes-blog.pl\/","name":"Gaudium Et Spes","description":"Blog Ks. Jacka Ja\u015bkowskiego","potentialAction":[{"@type":"SearchAction","target":{"@type":"EntryPoint","urlTemplate":"https:\/\/gaudiumetspes-blog.pl\/?s={search_term_string}"},"query-input":{"@type":"PropertyValueSpecification","valueRequired":true,"valueName":"search_term_string"}}],"inLanguage":"pl-PL"},{"@type":"Person","@id":"https:\/\/gaudiumetspes-blog.pl\/#\/schema\/person\/1661982992b752dea8dff0d4ed845a65","name":"Ks. Jacek","image":{"@type":"ImageObject","inLanguage":"pl-PL","@id":"https:\/\/gaudiumetspes-blog.pl\/#\/schema\/person\/image\/","url":"https:\/\/gaudiumetspes-blog.pl\/wp-content\/uploads\/2019\/07\/avatar-JJ-150x150.jpg","contentUrl":"https:\/\/gaudiumetspes-blog.pl\/wp-content\/uploads\/2019\/07\/avatar-JJ-150x150.jpg","caption":"Ks. Jacek"},"description":"Witam serdecznie! K\u0142ania si\u0119 Ks. Jacek Ja\u015bkowski. Nie jestem ani kim\u015b wa\u017cnym, ani kim\u015b znanym. Jestem ksi\u0119dzem, kt\u00f3ry po prostu chce rozmawia\u0107. Codzienna kap\u0142a\u0144ska pos\u0142uga pokazuje mi, \u017ce temat\u00f3w do rozm\u00f3w z ksi\u0119dzem jest coraz wi\u0119cej i dzisiaj \u017caden ksi\u0105dz nie mo\u017ce od nich ucieka\u0107, ale - wprost przeciwnie - podejmowa\u0107 nowe wyzwania. To przekonanie sk\u0142oni\u0142o mnie do pr\u00f3by otwarcia tego\u017c bloga, chocia\u017c okazji do rozm\u00f3w na co dzie\u0144 - w konfesjonale i poza nim - na szcz\u0119\u015bcie nie brakuje. My\u015bl\u0119 jednak, \u017ce ten blog b\u0119dzie jeszcze jednym sposobem i przestrzeni\u0105 nawi\u0105zania kontaktu z lud\u017ami dobrej woli, otwartymi na dialog.","url":"https:\/\/gaudiumetspes-blog.pl\/index.php\/author\/ks-jacek\/"}]}},"jetpack_featured_media_url":"","jetpack_sharing_enabled":true,"_links":{"self":[{"href":"https:\/\/gaudiumetspes-blog.pl\/index.php\/wp-json\/wp\/v2\/posts\/9982","targetHints":{"allow":["GET"]}}],"collection":[{"href":"https:\/\/gaudiumetspes-blog.pl\/index.php\/wp-json\/wp\/v2\/posts"}],"about":[{"href":"https:\/\/gaudiumetspes-blog.pl\/index.php\/wp-json\/wp\/v2\/types\/post"}],"author":[{"embeddable":true,"href":"https:\/\/gaudiumetspes-blog.pl\/index.php\/wp-json\/wp\/v2\/users\/1"}],"replies":[{"embeddable":true,"href":"https:\/\/gaudiumetspes-blog.pl\/index.php\/wp-json\/wp\/v2\/comments?post=9982"}],"version-history":[{"count":1,"href":"https:\/\/gaudiumetspes-blog.pl\/index.php\/wp-json\/wp\/v2\/posts\/9982\/revisions"}],"predecessor-version":[{"id":10101,"href":"https:\/\/gaudiumetspes-blog.pl\/index.php\/wp-json\/wp\/v2\/posts\/9982\/revisions\/10101"}],"wp:attachment":[{"href":"https:\/\/gaudiumetspes-blog.pl\/index.php\/wp-json\/wp\/v2\/media?parent=9982"}],"wp:term":[{"taxonomy":"category","embeddable":true,"href":"https:\/\/gaudiumetspes-blog.pl\/index.php\/wp-json\/wp\/v2\/categories?post=9982"},{"taxonomy":"post_tag","embeddable":true,"href":"https:\/\/gaudiumetspes-blog.pl\/index.php\/wp-json\/wp\/v2\/tags?post=9982"}],"curies":[{"name":"wp","href":"https:\/\/api.w.org\/{rel}","templated":true}]}}