{"id":9984,"date":"2011-01-11T02:39:00","date_gmt":"2011-01-11T01:39:00","guid":{"rendered":"https:\/\/gaudiumetspes-blog.pl\/index.php\/2011\/01\/11\/o-faszywych-tonach-orkiestry\/"},"modified":"2019-07-31T12:52:00","modified_gmt":"2019-07-31T10:52:00","slug":"o-faszywych-tonach-orkiestry","status":"publish","type":"post","link":"https:\/\/gaudiumetspes-blog.pl\/index.php\/2011\/01\/11\/o-faszywych-tonach-orkiestry\/","title":{"rendered":"O fa\u0142szywych tonach Orkiestry&#8230;"},"content":{"rendered":"<div class=\"MsoNormal\" style=\"font-family: 'Times New Roman'; font-size: 14px; margin-bottom: 0px; margin-left: 0px; margin-right: 0px; margin-top: 0.4em; text-align: justify;\">Witam Was, Kochani, bardo serdecznie i pozdrawiam w nowym czasie liturgicznym, jakim jest pocz\u0105tek Okresu Zwyk\u0142ego. I zgodnie z obietnic\u0105 \u2013 kilka&nbsp;<b>s\u0142\u00f3w o Wielkiej Orkiestrze \u015awi\u0105tecznej Pomocy.&nbsp;<\/b>Od razu zaznaczam, \u017ce b\u0119d\u0105 to moje bardzo lu\u017ane refleksje. Nie s\u0105 one oparte na \u017cadnych analizach prawnych, czy socjologicznych, chocia\u017c \u2013 jak s\u0105dz\u0119 \u2013 warto by\u0142oby takie analizy podj\u0105\u0107, pod warunkiem jednak, \u017ce uczyni\u0105 to o\u015brodki niezale\u017cne. Ja za\u015b teraz przedstawiam&nbsp;<b>moj\u0105 osobist\u0105 bardzo krytyczn\u0105 opini\u0119<\/b>&nbsp;o ca\u0142ym tym przedsi\u0119wzi\u0119ciu! Dlaczego krytyczn\u0105? Z kilku powod\u00f3w:<\/div>\n<div class=\"MsoNormal\" style=\"font-family: 'Times New Roman'; font-size: 14px; margin-bottom: 0px; margin-left: 0px; margin-right: 0px; margin-top: 0.4em; text-align: justify;\"><b>1.&nbsp;&nbsp;&nbsp;&nbsp;&nbsp;&nbsp;&nbsp;&nbsp;&nbsp;Szum medialny wok\u00f3\u0142 jedynie s\u0142usznej akcji<\/b>&nbsp;musi dra\u017cni\u0107, o ile nie denerwowa\u0107 cz\u0142owieka trze\u017awo my\u015bl\u0105cego. Przecie\u017c wiadomym jest, \u017ce bardzo wielu ludzi wcale nie popiera Orkiestry, podzielaj\u0105c pogl\u0105dy, kt\u00f3re ja tu prezentuje. Dlaczego ich pogl\u0105dy nie s\u0105 w og\u00f3le prezentowane w mediach publicznych?! To nawet Papie\u017ca Jana Paw\u0142a II krytykowano pod koniec Jego Pontyfikatu, z\u0142o\u015bliwie komentowano Jego homilie, po Jego \u015bmierci pieczo\u0142owicie pokazywano m\u0142odych ludzi, ubranych w koszulki z napisem: \u201eNie p\u0142acz\u0119 po papie\u017cu\u201d, a o akcji Owsiaka nie s\u0142ysz\u0119 w mediach \u2013 podkre\u015blam: publicznych \u2013 ani jednego s\u0142owa krytycznego! Po prostu \u2013 wszyscy musimy kocha\u0107 Jurka i popiera\u0107 jego (o ile rzeczywi\u015bcie jego) akcj\u0119! Widz\u0105c i s\u0142ysz\u0105c to nastawienie medi\u00f3w, granicz\u0105ce ju\u017c momentami z jak\u0105\u015b histeri\u0105, wydaje si\u0119, \u017ce je\u017celi kto\u015b \u201emrukn\u0105\u0142by pod nosem\u201d co\u015b krytycznego, z pewno\u015bci\u0105 by\u0142by na szablach rozniesiony! Ludzie, nie dajmy si\u0119 zwariowa\u0107! Dla mnie osobi\u015bcie ju\u017c ten argument wystarczy\u0142by, \u017ceby podejrzliwie patrze\u0107 na ca\u0142e to zamieszanie! Powtarzam: spos\u00f3b relacjonowania tego w mediach publicznych ur\u0105ga mojej inteligencji i pomija to, \u017ce te\u017c jestem obywatelem tego kraju i mam prawo prezentowa\u0107 publicznie pogl\u0105d przeciwny do jedynie poprawnego!<\/div>\n<div class=\"MsoNormal\" style=\"font-family: 'Times New Roman'; font-size: 14px; margin-bottom: 0px; margin-left: 0px; margin-right: 0px; margin-top: 0.4em; text-align: justify;\"><b>2.&nbsp;&nbsp;&nbsp;&nbsp;&nbsp;&nbsp;&nbsp;&nbsp;&nbsp;Osoba Dyrygenta budzi najwi\u0119kszy sprzeciw.<\/b>&nbsp;Dla mnie, jako cz\u0142owieka wierz\u0105cego, miarodajne s\u0105 s\u0142owa Jezusa, \u017ce tylko On jest dobry i nic poza Nim nie mo\u017ce by\u0107 trwale dobrego. Jerzy Owsiak publicznie prezentuje swoje pogl\u0105dy, wyra\u017anie sprzeciwiaj\u0105ce si\u0119 nauce Ko\u015bcio\u0142a chyba we wszystkich kwestiach, dlatego ja nie wierz\u0119, \u017ce jest on w stanie zrobi\u0107 co\u015b trwale dobrego i przewiduj\u0119 \u2013 chocia\u017c naprawd\u0119 bardzo chcia\u0142bym si\u0119 myli\u0107 \u2013 \u017ce za kilka lat b\u0119dziemy wyja\u015bnia\u0107 spore afery, zwi\u0105zane z Orkiestr\u0105, kiedy kto\u015b wreszcie prze\u015bwietli obiektywnie, na co id\u0105 zbierane pieni\u0105dze i jakie zamieszanie tak naprawd\u0119 temu towarzyszy. A tak w og\u00f3le \u2013 kim jest ten cz\u0142owiek? Sk\u0105d on si\u0119 wzi\u0105\u0142? I co sprawia \u2013 poza medialnym \u201enakr\u0119caniem\u201d \u2013 \u017ce cz\u0142owiek niewiele sob\u0105 prezentuj\u0105cy, sta\u0142 si\u0119 nagle ojcem narodu, kt\u00f3rego otaczaj\u0105 wielcy tego kraju i w jego r\u0119ce sk\u0142adaj\u0105 swoje najcenniejsze trofea sportowe czy inne rzeczy. \u017benuj\u0105ce! O ile nie wr\u0119cz bardzo szkodliwe! Owsiak na dwa dni przed Wielkim Fina\u0142em powiedzia\u0142 przed kamerami, \u017ce on i jego Wolontariusze \u201enie chodz\u0105 po domach i nie zmuszaj\u0105 ludzi dodawania pieni\u0119dzy\u201d. Jak my\u015blicie, kogo mia\u0142 na my\u015bli, zwa\u017cywszy, \u017ce teraz odbywa si\u0119 wizyta duszpasterska w naszych domach? Tylko je\u017celi tak, to dlaczego Wolontariusze wczoraj nachalnie wystawali pod drzwiami ko\u015bcio\u0142\u00f3w i nie pytaj\u0105c o zgod\u0119 proboszcz\u00f3w \u2013 prowadzili zbi\u00f3rki na placach ko\u015bcielnych?! Skandal i ob\u0142uda!<\/div>\n<div class=\"MsoNormal\" style=\"font-family: 'Times New Roman'; font-size: 14px; margin-bottom: 0px; margin-left: 0px; margin-right: 0px; margin-top: 0.4em; text-align: justify;\"><b>3.&nbsp;&nbsp;&nbsp;&nbsp;&nbsp;&nbsp;&nbsp;&nbsp;&nbsp;Wolontariusze Orkiestry<\/b>&nbsp;to m\u0142odzi ludzie, zwykle niepe\u0142noletni. Pytam, czy w tym wieku mo\u017cna uczestniczy\u0107 w tego typu kwe\u015bcie? Pytam, bo \u2013 jak wspomnia\u0142em \u2013 nie prowadzi\u0142em analiz prawnych tego problemu. Do niedawna jeszcze na pewno nie mo\u017cna by\u0142o, tylko dla Orkiestry robiono wyj\u0105tek. Pytanie \u2013 dlaczego? Jak jest teraz \u2013 nie wiem, ale na pewno budzi wiele zastrze\u017ce\u0144 postawa niema\u0142ej liczby Wolontariuszy. Media \u201eprzeb\u0105kuj\u0105\u201d co\u015b o jakich\u015b incydentach, podkre\u015blaj\u0105c szybko i pieczo\u0142owicie, \u017ce to jest \u201eca\u0142e nic\u201d przy tak wielkiej akcji. Tylko \u017ce ja sam wiem &#8211; z poprzednich Fina\u0142\u00f3w &#8211; o wydarzeniach z mojego rodzinnego miasta, relacjonowanych mi przez przyjaci\u00f3\u0142, o wolontariuszach, kt\u00f3rzy ju\u017c po zako\u0144czeniu zbi\u00f3rki dalej chodzili i zbierali pieni\u0105dze, a niczego nie podejrzewaj\u0105cy ludzie im je dawali. Z kolei, od ksi\u0119\u017cy z r\u00f3\u017cnych miejsc kraju s\u0142ysza\u0142em o zdemolowanych lokalach, w kt\u00f3rych mia\u0142y swoje siedziby sztaby Orkiestry. W mediach jednak o tym nic nie s\u0142ysza\u0142em! Dziwne, prawda? Ale jak mo\u017ce by\u0107 inaczej, je\u017celi akcja ma taki zasi\u0119g, prowadzi j\u0105 cz\u0142owiek o w\u0105tpliwym obliczu moralnym, a wielu Wolontariuszy traktuje to tylko jako dobr\u0105 rozrywk\u0119! Kto mo\u017ce mie\u0107 nad tym wszystkim kontrol\u0119? Oczywi\u015bcie \u2013 powinno to by\u0107 sumienie, ale w takiej sytuacji to chyba nie ma o czym m\u00f3wi\u0107!<\/div>\n<div class=\"MsoNormal\" style=\"font-family: 'Times New Roman'; font-size: 14px; margin-bottom: 0px; margin-left: 0px; margin-right: 0px; margin-top: 0.4em; text-align: justify;\"><b>4.&nbsp;&nbsp;&nbsp;&nbsp;&nbsp;&nbsp;&nbsp;&nbsp;&nbsp;Na co id\u0105 zbierane pieni\u0105dze?<\/b>&nbsp;Koszt organizacji ca\u0142ej akcji musi by\u0107 ogromny. Czyta\u0142em w jednym z artyku\u0142\u00f3w w \u201eNiedzieli\u201d (mam go u siebie), \u017ce przewy\u017csza on korzy\u015bci z tej akcji. Ale nawet tylko patrz\u0105c na ca\u0142y rozmach, musimy zapyta\u0107, ile kosztuje tyle godzin transmisji telewizyjnej, latanie Jurka samolotami, \u015bwiate\u0142ko do nieba, czy innych mn\u00f3stwo atrakcji? Na pewno, du\u017cy w tym udzia\u0142 sponsor\u00f3w. Ale czy nie lepiej by\u0142oby, gdyby przeznaczyli te pieni\u0105dze na pomoc. A \u017cerowanie na funduszach publicznych to zmuszanie ludzi przeciwnych akcji, aby dok\u0142adali si\u0119 do niej (na przyk\u0142ad \u2013 przez abonament telewizyjny). To bardzo niesprawiedliwe i nieuczciwe. Ponadto \u2013 wiadomo, \u017ce spora cz\u0119\u015b\u0107 zebranych pieni\u0119dzy, poza organizacj\u0105 akcji, idzie na \u201ecele statutowe fundacji\u201d, a s\u0105 to niema\u0142e kwoty, a tak\u017ce \u2013 co najbardziej oburza \u2013 na tak zwany Przystanek Woodstock, b\u0119d\u0105cy seansem powszechnego zgorszenia i upodlenia m\u0142odych ludzi, czemu staraj\u0105 si\u0119 przeciwdzia\u0142a\u0107 uczestnicy akcji Przystanek Jezus, kt\u00f3r\u0105 to akcj\u0119 zreszt\u0105 Owsiak stara si\u0119 maksymalnie zdyskredytowa\u0107. I w\u0142a\u015bnie od Ksi\u0119dza Rafa\u0142a, mojego Przyjaciela, od lat w\u0142\u0105czaj\u0105cego si\u0119 w ratowanie m\u0142odzie\u017cy tam przyje\u017cd\u017caj\u0105cej, wiem, jak tam na miejscu zachowuje si\u0119 sam Owsiak (po kilku godzinach zwyczajnie pijany), jak i m\u0142odzie\u017c \u2013 doci\u0105gaj\u0105ca do poziomu swego w\u0105tpliwego przewodnika. Pijani m\u0142odzi ludzie, tarzaj\u0105cy si\u0119 w b\u0142ocie, przer\u00f3\u017cne seksualne orgie \u2013 to tylko ma\u0142y wycinek strasznej rzeczywisto\u015bci tej \u201eradosnej\u201d imprezy stanowi\u0105cej \u2013 jak to uj\u0119to w mediach \u2013 podzi\u0119kowaniem Wolontariuszom za ich zaanga\u017cowanie. Czy my nie b\u0119dziemy jeszcze kiedy\u015b tego wszystkiego naprawd\u0119 bardzo \u017ca\u0142owa\u0107?<\/div>\n<div class=\"MsoNormal\" style=\"font-family: 'Times New Roman'; font-size: 14px; margin-bottom: 0px; margin-left: 0px; margin-right: 0px; margin-top: 0.4em; text-align: justify;\"><b>5.&nbsp;&nbsp;&nbsp;&nbsp;&nbsp;&nbsp;&nbsp;&nbsp;&nbsp;Motywy ca\u0142ej akcji<\/b>&nbsp;mog\u0105 wydawa\u0107 si\u0119 najs\u0142abszym argumentem przeciwnym, ale ja uwa\u017cam, \u017ce przynajmniej Dyrygent, ale i wielu Wolontariuszy podchodzi do tego nie na zasadzie troski o konkretnego cz\u0142owieka, ale traktuj\u0105c to jako dobr\u0105 zabaw\u0119, rozrywk\u0119 (czasami \u2013 jak wspomnia\u0142em \u2013 do\u015b\u0107 w\u0105tpliwej jako\u015bci!), a przy okazji \u2013 jak\u0105\u015b tam pomoc. A poza tym \u2013 ja przynajmniej nie widz\u0119 jakiej\u015b logicznej \u0142\u0105czno\u015bci mi\u0119dzy rzekom\u0105 ch\u0119ci\u0105 ratowania chorych dzieci z promowaniem tak zwanej aborcji, czy in vitro. To w ko\u0144cu trzeba si\u0119 zdecydowa\u0107: ratuj\u0119 \u017cycie \u2013 czy niszcz\u0119 \u017cycie? Kt\u00f3ra postawa jest t\u0105 prawdziw\u0105, bo nie mog\u0105 by\u0107 dwie naraz, skoro s\u0105 sobie przeciwstawne?<\/div>\n<div class=\"MsoNormal\" style=\"font-family: 'Times New Roman'; font-size: 14px; margin-bottom: 0px; margin-left: 0px; margin-right: 0px; margin-top: 0.4em; text-align: justify;\"><b>6.&nbsp;&nbsp;&nbsp;&nbsp;&nbsp;&nbsp;&nbsp;&nbsp;&nbsp;Ocena moralna udzia\u0142u w tej\u017ce akcji mo\u017ce by\u0107 trudna.<\/b>&nbsp;Bo z pewno\u015bci\u0105 wiele os\u00f3b wrzuca swoje pieni\u0105dze do puszek ze szczer\u0105 intencj\u0105 ratowania dzieci. Dlatego jestem pewien, \u017ce je\u017celi kto\u015b czyni to w\u0142a\u015bnie z takim nastawieniem i nie wie nic o skutkach ubocznych akcji \u2013 albo lepiej: nie wie o tym, \u017ce pomoc jest tylko skutkiem ubocznym ca\u0142ej akcji \u2013 taki kto\u015b ma zas\u0142ug\u0119 przed Bogiem. Pytanie tylko, czy dzisiaj, w dobie takiego przep\u0142ywu informacji, mo\u017cna m\u00f3wi\u0107 o tym, \u017ce kto\u015b nic nie wie i nie rozumie. Mo\u017ce tylko ludzie starsi, kt\u00f3rzy nie s\u0105&nbsp; tak bardzo \u201ez\u017cyci\u201d z Internetem, jak m\u0142odzie\u017c. Ale wiem, \u017ce ludzie generalnie wiedz\u0105, \u017ce \u201eco\u015b jest na rzeczy\u201d \u2013 nawet pomimo ca\u0142ej medialnej jednostronno\u015bci w promowaniu tej\u017ce akcji. Dlatego dawanie pieni\u0119dzy do puszek Orkiestry jest w naj\u0142agodniejszej ocenie powa\u017cn\u0105 naiwno\u015bci\u0105, a widz\u0105c problem w ca\u0142ej rozci\u0105g\u0142o\u015bci nale\u017cy powiedzie\u0107 o popieraniu demoralizacji m\u0142odzie\u017cy i tego wszystkiego, czym Jurek Owsiak i jego ludzie zajmuj\u0105 si\u0119 w\u00f3wczas, kiedy nie bawi\u0105 si\u0119 na Wielkim Finale. Ja wiem, \u017ce te moje t\u0142umaczenia na pewno od razu odrzuci matka, kt\u00f3rej dziecko zosta\u0142o uratowane dzi\u0119ki sprz\u0119towi z naklejonym serduszkiem Wielkiej Orkiestry. Ale my\u015bl\u0119, \u017ce tak\u0105 sam\u0105 pomoc \u2013 przy o wiele mniejszych kosztach organizacji \u2013 \u015bwiadczy Caritas Polska i inne organizacje, b\u0119d\u0105ce jej odpowiednikami w innych Ko\u015bcio\u0142ach. Wi\u0119c mo\u017ce ca\u0142\u0105 t\u0119 promocj\u0119 warto na nie skierowa\u0107! Tym bardziej, \u017ce pomagaj\u0105 one systematycznie, po cichu, skutecznie i w o wiele wi\u0119kszym wymiarze. I jest to pomoc moralnie jednoznaczna \u2013 w przeciwie\u0144stwie do tej, kt\u00f3r\u0105 w jakim\u015b tak wycinku \u015bwiadczy Orkiestra. I jest to pomoc skierowana do konkretnego cz\u0142owieka, w duchu mi\u0142o\u015bci do cz\u0142owieka, a nie jako uboczny efekt zabawy.<\/div>\n<div class=\"MsoNormal\" style=\"font-family: 'Times New Roman'; font-size: 14px; margin-bottom: 0px; margin-left: 0px; margin-right: 0px; margin-top: 0.4em; text-align: justify;\">&nbsp;&nbsp;&nbsp;&nbsp;&nbsp;&nbsp;&nbsp;&nbsp;&nbsp;&nbsp;&nbsp;&nbsp;To wszystko, co napisa\u0142em, prowadzi mnie do<b>JEDNOZNACZNIE KRYTYCZNEJ OCENY WIELKIEJ ORKIESTRY TAK ZWANEJ \u015aWI\u0104TECZNEJ POMOCY<\/b>&nbsp;i traktowania jej jako akcji m\u0119tnej, sztucznie nadmuchanej i celowo \u201enakr\u0119conej\u201d medialnie w celu zrobienia konkurencji dzia\u0142alno\u015bci Ko\u015bcio\u0142a i zdyskredytowania jego nauczania. To jest moja osobista ocena tego wszystkiego, co si\u0119 dzia\u0142o wczoraj i dzieje si\u0119 co roku. Ciekaw jestem Waszej opinii!<\/div>\n<div class=\"MsoNormal\" style=\"font-family: 'Times New Roman'; font-size: 14px; margin-bottom: 0px; margin-left: 0px; margin-right: 0px; margin-top: 0.4em; text-align: justify;\">&nbsp;&nbsp;&nbsp;&nbsp;&nbsp;&nbsp;&nbsp;&nbsp;&nbsp;&nbsp;&nbsp;&nbsp;Gaudium et spes! Ks. Jacek<\/div>\n<p><br style=\"font-family: 'Times New Roman';\" \/><\/p>\n<div class=\"MsoNormal\" style=\"font-family: 'Times New Roman'; font-size: 14px; margin-bottom: 0px; margin-left: 0px; margin-right: 0px; margin-top: 0.4em; text-align: justify;\"><b>Poniedzia\u0142ek 1 tygodnia zwyk\u0142ego, rok I,<\/b><\/div>\n<div class=\"MsoNormal\" style=\"font-family: 'Times New Roman'; font-size: 14px; margin-bottom: 0px; margin-left: 0px; margin-right: 0px; margin-top: 0.4em; text-align: justify;\"><b>do czyta\u0144:&nbsp; Hbr 1,1\u20136;&nbsp; Mk 1,14\u201320<\/b><\/div>\n<div class=\"MsoNormal\" style=\"font-family: 'Times New Roman'; font-size: 14px; margin-bottom: 0px; margin-left: 0px; margin-right: 0px; margin-top: 0.4em; text-align: justify; text-indent: 35.4pt;\">Po prze\u017cyciach zako\u0144czonego wczoraj w liturgii Okresu Bo\u017cego Narodzenia mo\u017cemy i my z ca\u0142ym przekonaniem powiedzie\u0107, \u017ce \u2013 rzeczywi\u015bcie \u2013&nbsp;<i>wielokrotnie i na r\u00f3\u017cne sposoby przemawia\u0142 B\u00f3g do ojc\u00f3w przez prorok\u00f3w,&nbsp;<b>a w tych ostatecznych dniach przem\u00f3wi\u0142 do nas przez Syna<\/b>.<\/i><\/div>\n<div class=\"MsoNormal\" style=\"font-family: 'Times New Roman'; font-size: 14px; margin-bottom: 0px; margin-left: 0px; margin-right: 0px; margin-top: 0.4em; text-align: justify; text-indent: 35.4pt;\">Tak m\u00f3wi dzisiaj w pierwszym czytaniu Autor Listu do Hebrajczyk\u00f3w, a my s\u0142uchaj\u0105c uwa\u017cnie jego przes\u0142ania, stwierdzany, \u017ce<b>dobrze streszcza on to wszystko, co prze\u017cyli\u015bmy i przemy\u015bleli\u015bmy w ci\u0105gu ostatnich ponad dw\u00f3ch tygodni.<\/b>&nbsp;Bo Jezus, kt\u00f3rego spotykali\u015bmy w Liturgii, kt\u00f3rego spotykali\u015bmy w Betlejemskiej Grocie, w Jerozolimskiej \u015awi\u0105tyni czy nad brzegami Jordanu, to \u2013 jak m\u00f3wi dzi\u015b Autor Listu do Hebrajczyk\u00f3w \u2013&nbsp;<b><i>ten Syn, kt\u00f3ry jest odblaskiem Jego chwa\u0142y i odbiciem Jego istoty.<\/i><\/b><i>&nbsp;Podtrzymuje&nbsp;<\/i>[On]&nbsp;<i>wszystko s\u0142owem swej pot\u0119gi, a dokonawszy oczyszczenia z grzech\u00f3w, zasiad\u0142 po prawicy Majestatu na wysoko\u015bciach<\/i>.<\/div>\n<div class=\"MsoNormal\" style=\"font-family: 'Times New Roman'; font-size: 14px; margin-bottom: 0px; margin-left: 0px; margin-right: 0px; margin-top: 0.4em; text-align: justify; text-indent: 35.4pt;\">I to w\u0142a\u015bnie ten Bo\u017cy Syn, Zbawiciel, Jezus Chrystus,&nbsp;<b>pragnie, aby Jego dzie\u0142o by\u0142o kontynuowane.<\/b>&nbsp;Dlatego powo\u0142uje uczni\u00f3w. Uczniowie ci \u2013 pro\u015bci rybacy \u2013 mo\u017ce&nbsp;<b>na pocz\u0105tku niewiele rozumieli z tego, co si\u0119 sta\u0142o,<\/b>&nbsp;kto ich powo\u0142uje i co ich czeka: jakie perspektywy si\u0119 przednimi otwieraj\u0105. Ale chyba sercami swoimi prostymi wyczuli, \u017ce naprawd\u0119&nbsp;<b><i>czas si\u0119 wype\u0142ni\u0142 i bliskie jest Kr\u00f3lestwo Bo\u017ce&nbsp;<\/i><\/b>\u2013 jak m\u00f3wi\u0142 dzi\u015b Jezus.<\/div>\n<div class=\"MsoNormal\" style=\"font-family: 'Times New Roman'; font-size: 14px; margin-bottom: 0px; margin-left: 0px; margin-right: 0px; margin-top: 0.4em; text-align: justify; text-indent: 35.4pt;\"><b><i>Czas si\u0119 wype\u0142ni\u0142<\/i><\/b>&nbsp;\u2013 tak s\u0142yszymy w Ewangelii. A w pierwszym czytaniu s\u0142yszymy:&nbsp;<b><i>gdy nadesz\u0142a pe\u0142nia czasu<\/i><\/b>\u2026 A wi\u0119c to samo stwierdzenie, jasno sygnalizuj\u0105ce, \u017ce&nbsp;<b>\u017cyjemy w czasach mesja\u0144skich,&nbsp;<\/b>bo czas wype\u0142niony, czy te\u017c&nbsp;<i>pe\u0142nia czasu<\/i>,to okre\u015blenia na oznaczenie tego czasu w historii zbawienia, kiedy&nbsp;<b>wype\u0142ni\u0142y si\u0119 obietnice mesja\u0144skie&nbsp;<\/b>i Bo\u017cy Syn stan\u0105\u0142 pomi\u0119dzy lud\u017ami.<\/div>\n<div class=\"MsoNormal\" style=\"font-family: 'Times New Roman'; font-size: 14px; margin-bottom: 0px; margin-left: 0px; margin-right: 0px; margin-top: 0.4em; text-align: justify; text-indent: 35.4pt;\">To jest wi\u0119c, Kochani,&nbsp;<b>nasz czas \u2013 czas dzia\u0142ania Jezusa, Syna Bo\u017cego, w Ko\u015bciele.<\/b>&nbsp;Czy mamy tego pe\u0142n\u0105 \u015bwiadomo\u015b\u0107, w jak wyj\u0105tkowym czasie \u017cyjemy?<\/div>\n<div class=\"MsoNormal\" style=\"font-family: 'Times New Roman'; font-size: 14px; margin-bottom: 0px; margin-left: 0px; margin-right: 0px; margin-top: 0.4em; text-align: justify; text-indent: 35.4pt;\">Dlatego potrzeba, aby\u015bmy ci\u0105gle od nowa starali si\u0119 wierzy\u0107 w to, \u017ce<b>naprawd\u0119 B\u00f3g przemawia do nas przez Syna,<\/b>&nbsp;\u017ce nas przez swego Syna zbawia \u2013 i aby\u015bmy chcieli&nbsp;<b>w\u0142\u0105czy\u0107 si\u0119 do wsp\u00f3\u0142pracy<\/b>&nbsp;w dziele tego\u017c zbawienia. Wezwani dzi\u015b przez Jezusa uczniowie zgodzili si\u0119 na Jego propozycj\u0119 \u2013 jak s\u0142yszymy \u2013&nbsp;<b>natychmiast.<\/b><i>&nbsp;Natychmiast zostawili sieci i poszli za Nim<\/i>! A my?<\/div>\n<div class=\"MsoNormal\" style=\"font-family: 'Times New Roman'; font-size: 14px; margin-bottom: 0px; margin-left: 0px; margin-right: 0px; margin-top: 0.4em; text-align: justify; text-indent: 35.4pt;\">A my&nbsp;<b>ju\u017c dokonali\u015bmy wyboru,<\/b>&nbsp;kiedy wybrali\u015bmy wiar\u0119 i drog\u0119 przykaza\u0144, kt\u00f3rymi chcemy si\u0119 w \u017cyciu kierowa\u0107. Jednak dokonawszy tego jednego, \u017cyciowego wyboru, trzeba&nbsp;<b>w ka\u017cdej chwili to swoje stanowisko aktualizowa\u0107.&nbsp;<\/b>Bardzo trafnie wyrazi\u0142 to poeta, pisz\u0105c, \u017ce \u201edokonawszy na wieki wyb\u00f3r, w ka\u017cdej chwili wybiera\u0107 musz\u0119\u201d.<\/div>\n<div class=\"MsoNormal\" style=\"font-family: 'Times New Roman'; font-size: 14px; margin-bottom: 0px; margin-left: 0px; margin-right: 0px; margin-top: 0.4em; text-align: justify; text-indent: 35.4pt;\">Tak, Kochani, bo&nbsp;<b>ka\u017cda chwila naszego aktywnego \u017cycia stawia nas w sytuacji wyboru:&nbsp;<\/b>jak si\u0119 zachowa\u0107, jak zareagowa\u0107, co powiedzie\u0107, a mo\u017ce nic nie powiedzie\u0107, co poradzi\u0107, co odradzi\u0107\u2026 I w ka\u017cdej chwili trzeba dokonywa\u0107&nbsp;<b>jakich\u015b mniejszych lub wi\u0119kszych wybor\u00f3w<\/b>&nbsp;\u2013 wybor\u00f3w pomi\u0119dzy dobrem i z\u0142em, ale te\u017c pomi\u0119dzy wi\u0119kszym i mniejszym dobrem, takim i innym rozwi\u0105zaniem\u2026 Cz\u0119sto towarzysz\u0105 temu spore w\u0105tpliwo\u015bci, rozterki serca, a tu tymczasem&nbsp;<b>trzeba tego wyboru dokonywa\u0107 natychmiast!<\/b><\/div>\n<div class=\"MsoNormal\" style=\"font-family: 'Times New Roman'; font-size: 14px; margin-bottom: 0px; margin-left: 0px; margin-right: 0px; margin-top: 0.4em; text-align: justify; text-indent: 35.4pt;\">Natychmiast \u2013 w tym momencie, w\u0142a\u015bnie w tej chwili \u2013 opowiedzie\u0107 si\u0119 po stronie Jezusa!&nbsp;<b>Nie jutro, nie pojutrze, nawet nie za godzin\u0119! Teraz!<\/b>&nbsp;Bo ta sytuacja, w kt\u00f3rej uczestniczymy, w\u0142a\u015bnie teraz si\u0119 wydarzy\u0142a i teraz musi zapa\u015b\u0107 jaka\u015b nasza decyzja! Natychmiast! Natychmiast trzeba zostawi\u0107 swoje sieci, sw\u00f3j utarty spos\u00f3b my\u015blenia \u2013&nbsp;<b>i p\u00f3j\u015b\u0107 za Jezusem, post\u0105pi\u0107 po Jego my\u015bli, odnie\u015b\u0107 Jego my\u015bli, Jego wol\u0119 i oczekiwania do tej konkretnej sytuacji!<\/b>&nbsp;Natychmiast! W tej chwili!&nbsp;<b>Bo za chwil\u0119 b\u0119dzie ju\u017c za p\u00f3\u017ano<\/b>&nbsp;i kolejna okazja do potwierdzenia swojej wiary, swojego przywi\u0105zania do Jezusa, zostanie zmarnowana.<\/div>\n<div class=\"MsoNormal\" style=\"font-family: 'Times New Roman'; font-size: 14px; margin-bottom: 0px; margin-left: 0px; margin-right: 0px; margin-top: 0.4em; text-align: justify; text-indent: 35.4pt;\">Maj\u0105c zatem \u015bwiadomo\u015b\u0107, \u017ce \u017cyjemy w czasach mesja\u0144skich, w czasach Jezusowych,&nbsp;<b>potwierdzajmy ka\u017cdym swoim s\u0142owem i ka\u017cd\u0105 w\u0142a\u015bciw\u0105 decyzj\u0105,<\/b>&nbsp;podj\u0119t\u0105 natychmiast, \u017ce jeste\u015bmy gotowi i chcemy wsp\u00f3\u0142pracowa\u0107 z Jezusem w dziele zbawiania \u015bwiata!<\/div>\n<div class=\"MsoNormal\" style=\"font-family: 'Times New Roman'; font-size: 14px; margin-bottom: 0px; margin-left: 0px; margin-right: 0px; margin-top: 0.4em; text-align: justify; text-indent: 35.4pt;\">I w tym duchu przez chwil\u0119 zastan\u00f3wmy si\u0119:<\/div>\n<ul style=\"font-family: 'Times New Roman'; font-size: 14px; margin-top: 0cm;\" type=\"disc\">\n<li class=\"MsoNormal\" style=\"text-align: justify;\">Czy wykorzystuj\u0119 ka\u017cd\u0105 okazj\u0119 do zrobienia jakiego\u015b dobrego uczynku?<\/li>\n<li class=\"MsoNormal\" style=\"text-align: justify;\">Czy staram si\u0119 jak najszybciej zrealizowa\u0107 obiecane komu\u015b dobro?<\/li>\n<li class=\"MsoNormal\" style=\"text-align: justify;\">Czy mojego sumienia w tym momencie nie obci\u0105\u017caj\u0105 jakie\u015b nie zrealizowane jeszcze, a wyra\u017anie z\u0142o\u017cone obietnice?<\/li>\n<\/ul>\n<div class=\"MsoNormal\" style=\"font-family: 'Times New Roman'; font-size: 14px; margin-bottom: 0px; margin-left: 0px; margin-right: 0px; margin-top: 0.4em; text-align: justify; text-indent: 35.4pt;\"><b><i>I natychmiast zostawili sieci i poszli za Nim<\/i><\/b><b>!<\/b><\/div>\n<div><b><br \/>\n<\/b><\/div>\n","protected":false},"excerpt":{"rendered":"<p>Witam Was, Kochani, bardo serdecznie i pozdrawiam w nowym czasie liturgicznym, jakim jest pocz\u0105tek Okresu Zwyk\u0142ego. I zgodnie z obietnic\u0105 \u2013 kilka&nbsp;s\u0142\u00f3w o Wielkiej Orkiestrze \u015awi\u0105tecznej Pomocy.&nbsp;Od razu zaznaczam, \u017ce b\u0119d\u0105 to moje bardzo lu\u017ane refleksje. Nie s\u0105 one oparte na \u017cadnych analizach prawnych, czy socjologicznych, chocia\u017c \u2013 jak s\u0105dz\u0119 \u2013 warto by\u0142oby takie analizy [&hellip;]<\/p>\n","protected":false},"author":1,"featured_media":0,"comment_status":"open","ping_status":"open","sticky":false,"template":"","format":"standard","meta":{"jetpack_post_was_ever_published":false,"_jetpack_newsletter_access":"","_jetpack_dont_email_post_to_subs":false,"_jetpack_newsletter_tier_id":0,"_jetpack_memberships_contains_paywalled_content":false,"_jetpack_memberships_contains_paid_content":false,"footnotes":""},"categories":[1],"tags":[],"class_list":["post-9984","post","type-post","status-publish","format-standard","hentry","category-bez-kategorii"],"yoast_head":"<!-- This site is optimized with the Yoast SEO plugin v25.1 - https:\/\/yoast.com\/wordpress\/plugins\/seo\/ -->\n<title>O fa\u0142szywych tonach Orkiestry... - Gaudium Et Spes<\/title>\n<meta name=\"robots\" content=\"index, follow, max-snippet:-1, max-image-preview:large, max-video-preview:-1\" \/>\n<link rel=\"canonical\" href=\"https:\/\/gaudiumetspes-blog.pl\/index.php\/2011\/01\/11\/o-faszywych-tonach-orkiestry\/\" \/>\n<meta property=\"og:locale\" content=\"pl_PL\" \/>\n<meta property=\"og:type\" content=\"article\" \/>\n<meta property=\"og:title\" content=\"O fa\u0142szywych tonach Orkiestry... - Gaudium Et Spes\" \/>\n<meta property=\"og:description\" content=\"Witam Was, Kochani, bardo serdecznie i pozdrawiam w nowym czasie liturgicznym, jakim jest pocz\u0105tek Okresu Zwyk\u0142ego. I zgodnie z obietnic\u0105 \u2013 kilka&nbsp;s\u0142\u00f3w o Wielkiej Orkiestrze \u015awi\u0105tecznej Pomocy.&nbsp;Od razu zaznaczam, \u017ce b\u0119d\u0105 to moje bardzo lu\u017ane refleksje. Nie s\u0105 one oparte na \u017cadnych analizach prawnych, czy socjologicznych, chocia\u017c \u2013 jak s\u0105dz\u0119 \u2013 warto by\u0142oby takie analizy [&hellip;]\" \/>\n<meta property=\"og:url\" content=\"https:\/\/gaudiumetspes-blog.pl\/index.php\/2011\/01\/11\/o-faszywych-tonach-orkiestry\/\" \/>\n<meta property=\"og:site_name\" content=\"Gaudium Et Spes\" \/>\n<meta property=\"article:published_time\" content=\"2011-01-11T01:39:00+00:00\" \/>\n<meta property=\"article:modified_time\" content=\"2019-07-31T10:52:00+00:00\" \/>\n<meta name=\"author\" content=\"Ks. Jacek\" \/>\n<meta name=\"twitter:card\" content=\"summary_large_image\" \/>\n<meta name=\"twitter:label1\" content=\"Napisane przez\" \/>\n\t<meta name=\"twitter:data1\" content=\"Ks. Jacek\" \/>\n\t<meta name=\"twitter:label2\" content=\"Szacowany czas czytania\" \/>\n\t<meta name=\"twitter:data2\" content=\"12 minut\" \/>\n<script type=\"application\/ld+json\" class=\"yoast-schema-graph\">{\"@context\":\"https:\/\/schema.org\",\"@graph\":[{\"@type\":\"WebPage\",\"@id\":\"https:\/\/gaudiumetspes-blog.pl\/index.php\/2011\/01\/11\/o-faszywych-tonach-orkiestry\/\",\"url\":\"https:\/\/gaudiumetspes-blog.pl\/index.php\/2011\/01\/11\/o-faszywych-tonach-orkiestry\/\",\"name\":\"O fa\u0142szywych tonach Orkiestry... - Gaudium Et Spes\",\"isPartOf\":{\"@id\":\"https:\/\/gaudiumetspes-blog.pl\/#website\"},\"datePublished\":\"2011-01-11T01:39:00+00:00\",\"dateModified\":\"2019-07-31T10:52:00+00:00\",\"author\":{\"@id\":\"https:\/\/gaudiumetspes-blog.pl\/#\/schema\/person\/1661982992b752dea8dff0d4ed845a65\"},\"breadcrumb\":{\"@id\":\"https:\/\/gaudiumetspes-blog.pl\/index.php\/2011\/01\/11\/o-faszywych-tonach-orkiestry\/#breadcrumb\"},\"inLanguage\":\"pl-PL\",\"potentialAction\":[{\"@type\":\"ReadAction\",\"target\":[\"https:\/\/gaudiumetspes-blog.pl\/index.php\/2011\/01\/11\/o-faszywych-tonach-orkiestry\/\"]}]},{\"@type\":\"BreadcrumbList\",\"@id\":\"https:\/\/gaudiumetspes-blog.pl\/index.php\/2011\/01\/11\/o-faszywych-tonach-orkiestry\/#breadcrumb\",\"itemListElement\":[{\"@type\":\"ListItem\",\"position\":1,\"name\":\"Strona g\u0142\u00f3wna\",\"item\":\"https:\/\/gaudiumetspes-blog.pl\/\"},{\"@type\":\"ListItem\",\"position\":2,\"name\":\"O&nbsp;fa\u0142szywych tonach Orkiestry&#8230;\"}]},{\"@type\":\"WebSite\",\"@id\":\"https:\/\/gaudiumetspes-blog.pl\/#website\",\"url\":\"https:\/\/gaudiumetspes-blog.pl\/\",\"name\":\"Gaudium Et Spes\",\"description\":\"Blog Ks. Jacka Ja\u015bkowskiego\",\"potentialAction\":[{\"@type\":\"SearchAction\",\"target\":{\"@type\":\"EntryPoint\",\"urlTemplate\":\"https:\/\/gaudiumetspes-blog.pl\/?s={search_term_string}\"},\"query-input\":{\"@type\":\"PropertyValueSpecification\",\"valueRequired\":true,\"valueName\":\"search_term_string\"}}],\"inLanguage\":\"pl-PL\"},{\"@type\":\"Person\",\"@id\":\"https:\/\/gaudiumetspes-blog.pl\/#\/schema\/person\/1661982992b752dea8dff0d4ed845a65\",\"name\":\"Ks. Jacek\",\"image\":{\"@type\":\"ImageObject\",\"inLanguage\":\"pl-PL\",\"@id\":\"https:\/\/gaudiumetspes-blog.pl\/#\/schema\/person\/image\/\",\"url\":\"https:\/\/gaudiumetspes-blog.pl\/wp-content\/uploads\/2019\/07\/avatar-JJ-150x150.jpg\",\"contentUrl\":\"https:\/\/gaudiumetspes-blog.pl\/wp-content\/uploads\/2019\/07\/avatar-JJ-150x150.jpg\",\"caption\":\"Ks. Jacek\"},\"description\":\"Witam serdecznie! K\u0142ania si\u0119 Ks. Jacek Ja\u015bkowski. Nie jestem ani kim\u015b wa\u017cnym, ani kim\u015b znanym. Jestem ksi\u0119dzem, kt\u00f3ry po prostu chce rozmawia\u0107. Codzienna kap\u0142a\u0144ska pos\u0142uga pokazuje mi, \u017ce temat\u00f3w do rozm\u00f3w z ksi\u0119dzem jest coraz wi\u0119cej i dzisiaj \u017caden ksi\u0105dz nie mo\u017ce od nich ucieka\u0107, ale - wprost przeciwnie - podejmowa\u0107 nowe wyzwania. To przekonanie sk\u0142oni\u0142o mnie do pr\u00f3by otwarcia tego\u017c bloga, chocia\u017c okazji do rozm\u00f3w na co dzie\u0144 - w konfesjonale i poza nim - na szcz\u0119\u015bcie nie brakuje. My\u015bl\u0119 jednak, \u017ce ten blog b\u0119dzie jeszcze jednym sposobem i przestrzeni\u0105 nawi\u0105zania kontaktu z lud\u017ami dobrej woli, otwartymi na dialog.\",\"url\":\"https:\/\/gaudiumetspes-blog.pl\/index.php\/author\/ks-jacek\/\"}]}<\/script>\n<!-- \/ Yoast SEO plugin. -->","yoast_head_json":{"title":"O fa\u0142szywych tonach Orkiestry... - Gaudium Et Spes","robots":{"index":"index","follow":"follow","max-snippet":"max-snippet:-1","max-image-preview":"max-image-preview:large","max-video-preview":"max-video-preview:-1"},"canonical":"https:\/\/gaudiumetspes-blog.pl\/index.php\/2011\/01\/11\/o-faszywych-tonach-orkiestry\/","og_locale":"pl_PL","og_type":"article","og_title":"O fa\u0142szywych tonach Orkiestry... - Gaudium Et Spes","og_description":"Witam Was, Kochani, bardo serdecznie i pozdrawiam w nowym czasie liturgicznym, jakim jest pocz\u0105tek Okresu Zwyk\u0142ego. I zgodnie z obietnic\u0105 \u2013 kilka&nbsp;s\u0142\u00f3w o Wielkiej Orkiestrze \u015awi\u0105tecznej Pomocy.&nbsp;Od razu zaznaczam, \u017ce b\u0119d\u0105 to moje bardzo lu\u017ane refleksje. Nie s\u0105 one oparte na \u017cadnych analizach prawnych, czy socjologicznych, chocia\u017c \u2013 jak s\u0105dz\u0119 \u2013 warto by\u0142oby takie analizy [&hellip;]","og_url":"https:\/\/gaudiumetspes-blog.pl\/index.php\/2011\/01\/11\/o-faszywych-tonach-orkiestry\/","og_site_name":"Gaudium Et Spes","article_published_time":"2011-01-11T01:39:00+00:00","article_modified_time":"2019-07-31T10:52:00+00:00","author":"Ks. Jacek","twitter_card":"summary_large_image","twitter_misc":{"Napisane przez":"Ks. Jacek","Szacowany czas czytania":"12 minut"},"schema":{"@context":"https:\/\/schema.org","@graph":[{"@type":"WebPage","@id":"https:\/\/gaudiumetspes-blog.pl\/index.php\/2011\/01\/11\/o-faszywych-tonach-orkiestry\/","url":"https:\/\/gaudiumetspes-blog.pl\/index.php\/2011\/01\/11\/o-faszywych-tonach-orkiestry\/","name":"O fa\u0142szywych tonach Orkiestry... - Gaudium Et Spes","isPartOf":{"@id":"https:\/\/gaudiumetspes-blog.pl\/#website"},"datePublished":"2011-01-11T01:39:00+00:00","dateModified":"2019-07-31T10:52:00+00:00","author":{"@id":"https:\/\/gaudiumetspes-blog.pl\/#\/schema\/person\/1661982992b752dea8dff0d4ed845a65"},"breadcrumb":{"@id":"https:\/\/gaudiumetspes-blog.pl\/index.php\/2011\/01\/11\/o-faszywych-tonach-orkiestry\/#breadcrumb"},"inLanguage":"pl-PL","potentialAction":[{"@type":"ReadAction","target":["https:\/\/gaudiumetspes-blog.pl\/index.php\/2011\/01\/11\/o-faszywych-tonach-orkiestry\/"]}]},{"@type":"BreadcrumbList","@id":"https:\/\/gaudiumetspes-blog.pl\/index.php\/2011\/01\/11\/o-faszywych-tonach-orkiestry\/#breadcrumb","itemListElement":[{"@type":"ListItem","position":1,"name":"Strona g\u0142\u00f3wna","item":"https:\/\/gaudiumetspes-blog.pl\/"},{"@type":"ListItem","position":2,"name":"O&nbsp;fa\u0142szywych tonach Orkiestry&#8230;"}]},{"@type":"WebSite","@id":"https:\/\/gaudiumetspes-blog.pl\/#website","url":"https:\/\/gaudiumetspes-blog.pl\/","name":"Gaudium Et Spes","description":"Blog Ks. Jacka Ja\u015bkowskiego","potentialAction":[{"@type":"SearchAction","target":{"@type":"EntryPoint","urlTemplate":"https:\/\/gaudiumetspes-blog.pl\/?s={search_term_string}"},"query-input":{"@type":"PropertyValueSpecification","valueRequired":true,"valueName":"search_term_string"}}],"inLanguage":"pl-PL"},{"@type":"Person","@id":"https:\/\/gaudiumetspes-blog.pl\/#\/schema\/person\/1661982992b752dea8dff0d4ed845a65","name":"Ks. Jacek","image":{"@type":"ImageObject","inLanguage":"pl-PL","@id":"https:\/\/gaudiumetspes-blog.pl\/#\/schema\/person\/image\/","url":"https:\/\/gaudiumetspes-blog.pl\/wp-content\/uploads\/2019\/07\/avatar-JJ-150x150.jpg","contentUrl":"https:\/\/gaudiumetspes-blog.pl\/wp-content\/uploads\/2019\/07\/avatar-JJ-150x150.jpg","caption":"Ks. Jacek"},"description":"Witam serdecznie! K\u0142ania si\u0119 Ks. Jacek Ja\u015bkowski. Nie jestem ani kim\u015b wa\u017cnym, ani kim\u015b znanym. Jestem ksi\u0119dzem, kt\u00f3ry po prostu chce rozmawia\u0107. Codzienna kap\u0142a\u0144ska pos\u0142uga pokazuje mi, \u017ce temat\u00f3w do rozm\u00f3w z ksi\u0119dzem jest coraz wi\u0119cej i dzisiaj \u017caden ksi\u0105dz nie mo\u017ce od nich ucieka\u0107, ale - wprost przeciwnie - podejmowa\u0107 nowe wyzwania. To przekonanie sk\u0142oni\u0142o mnie do pr\u00f3by otwarcia tego\u017c bloga, chocia\u017c okazji do rozm\u00f3w na co dzie\u0144 - w konfesjonale i poza nim - na szcz\u0119\u015bcie nie brakuje. My\u015bl\u0119 jednak, \u017ce ten blog b\u0119dzie jeszcze jednym sposobem i przestrzeni\u0105 nawi\u0105zania kontaktu z lud\u017ami dobrej woli, otwartymi na dialog.","url":"https:\/\/gaudiumetspes-blog.pl\/index.php\/author\/ks-jacek\/"}]}},"jetpack_featured_media_url":"","jetpack_sharing_enabled":true,"_links":{"self":[{"href":"https:\/\/gaudiumetspes-blog.pl\/index.php\/wp-json\/wp\/v2\/posts\/9984","targetHints":{"allow":["GET"]}}],"collection":[{"href":"https:\/\/gaudiumetspes-blog.pl\/index.php\/wp-json\/wp\/v2\/posts"}],"about":[{"href":"https:\/\/gaudiumetspes-blog.pl\/index.php\/wp-json\/wp\/v2\/types\/post"}],"author":[{"embeddable":true,"href":"https:\/\/gaudiumetspes-blog.pl\/index.php\/wp-json\/wp\/v2\/users\/1"}],"replies":[{"embeddable":true,"href":"https:\/\/gaudiumetspes-blog.pl\/index.php\/wp-json\/wp\/v2\/comments?post=9984"}],"version-history":[{"count":1,"href":"https:\/\/gaudiumetspes-blog.pl\/index.php\/wp-json\/wp\/v2\/posts\/9984\/revisions"}],"predecessor-version":[{"id":10099,"href":"https:\/\/gaudiumetspes-blog.pl\/index.php\/wp-json\/wp\/v2\/posts\/9984\/revisions\/10099"}],"wp:attachment":[{"href":"https:\/\/gaudiumetspes-blog.pl\/index.php\/wp-json\/wp\/v2\/media?parent=9984"}],"wp:term":[{"taxonomy":"category","embeddable":true,"href":"https:\/\/gaudiumetspes-blog.pl\/index.php\/wp-json\/wp\/v2\/categories?post=9984"},{"taxonomy":"post_tag","embeddable":true,"href":"https:\/\/gaudiumetspes-blog.pl\/index.php\/wp-json\/wp\/v2\/tags?post=9984"}],"curies":[{"name":"wp","href":"https:\/\/api.w.org\/{rel}","templated":true}]}}