{"id":9985,"date":"2011-01-10T02:39:00","date_gmt":"2011-01-10T01:39:00","guid":{"rendered":"https:\/\/gaudiumetspes-blog.pl\/index.php\/2011\/01\/10\/dziekujmy-za-chrzest-swiety\/"},"modified":"2019-07-31T12:52:00","modified_gmt":"2019-07-31T10:52:00","slug":"dziekujmy-za-chrzest-swiety","status":"publish","type":"post","link":"https:\/\/gaudiumetspes-blog.pl\/index.php\/2011\/01\/10\/dziekujmy-za-chrzest-swiety\/","title":{"rendered":"Dzi\u0119kujmy za Chrzest \u015awi\u0119ty!"},"content":{"rendered":"<p>Witam wszystkich bardzo serdecznie i zapraszam do refleksji nad pocz\u0105tkami naszej wiary, naszej przynale\u017cno\u015bci do Ko\u015bcio\u0142a, kt\u00f3rych to pocz\u0105tk\u00f3w dopatrujemy si\u0119 w chwili Chrztu \u015awi\u0119tego! Niech tej refleksji nie zag\u0142uszy medialny huk &#8222;jedynie s\u0142usznej&#8221; akcji &#8211; orkiestry! Prosz\u0119 Was, Kochani, o zdrowy rozs\u0105dek i trze\u017awe spojrzenie na t\u0119 spraw\u0119. A wi\u0119cej napisz\u0119 o tym jutro!<br style=\"font-family: 'Times New Roman';\" \/>&nbsp;&nbsp;&nbsp;&nbsp;&nbsp;&nbsp;&nbsp;&nbsp;&nbsp;&nbsp;&nbsp;&nbsp;&nbsp;&nbsp;&nbsp;&nbsp;&nbsp;&nbsp;&nbsp;&nbsp;&nbsp;&nbsp;&nbsp;&nbsp;&nbsp;&nbsp;&nbsp; Gaudium et spes! Ks. Jacek<\/p>\n<div class=\"MsoNormal\" style=\"font-family: 'Times New Roman'; font-size: 14px; margin-bottom: 0px; margin-left: 0px; margin-right: 0px; margin-top: 0.4em; text-align: justify;\"><b>Niedziela Chrztu Pa\u0144skiego, A,<\/b><\/div>\n<div class=\"MsoNormal\" style=\"font-family: 'Times New Roman'; font-size: 14px; margin-bottom: 0px; margin-left: 0px; margin-right: 0px; margin-top: 0.4em; text-align: justify;\"><b>do czyta\u0144:&nbsp;&nbsp;Iz 42,1\u20134.6\u20137;&nbsp;&nbsp;Dz 10,34\u201338;&nbsp;&nbsp;Mt 3,13\u201317<\/b><\/div>\n<div class=\"MsoNormal\" style=\"font-family: 'Times New Roman'; font-size: 14px; margin-bottom: 0px; margin-left: 0px; margin-right: 0px; margin-top: 0.4em; text-align: justify; text-indent: 35.4pt;\">Razem z Jezusem Chrystusem dzisiaj przychodzimy nad Jordan, aby uczestniczy\u0107 w niezwyk\u0142ym wydarzeniu.&nbsp;<b>Jest nim chrzest,<\/b>&nbsp;kt\u00f3rego Jan udziela\u0142 ku nawr\u00f3ceniu wszystkim pragn\u0105cym ponownie wej\u015b\u0107 na drogi Bo\u017ce i przygotowa\u0107 si\u0119 na przyj\u015bcie obiecanego Mesjasza.&nbsp;<b>Jezus nawr\u00f3cenia nie potrzebowa\u0142. Przyj\u0105\u0142 jednak chrzest Janowy,&nbsp;<\/b>aby w ten spos\u00f3b wyrazi\u0107 solidarno\u015b\u0107 z grzesznym cz\u0142owiekiem i otworzy\u0107 mu drogi zbawienia.<\/div>\n<div class=\"MsoNormal\" style=\"font-family: 'Times New Roman'; font-size: 14px; margin-bottom: 0px; margin-left: 0px; margin-right: 0px; margin-top: 0.4em; text-align: justify; text-indent: 35.4pt;\">Chrzest, jaki Jezus przyj\u0105\u0142 od Jana,&nbsp;<b>nie jest dok\u0142adnie tym samym, co my przyjmujemy jako pierwszy Sakrament,<\/b>&nbsp;jest jednak jego zapowiedzi\u0105. Natomiast Sakrament ten, b\u0119d\u0105cy ju\u017c od czas\u00f3w apostolskich sposobem w\u0142\u0105czania do wsp\u00f3lnoty Ko\u015bcio\u0142a, jest<b>wydarzeniem ogromnie wa\u017cnym i brzemiennym w skutki.<\/b>&nbsp;W jego trakcie B\u00f3g nad ka\u017cdym z nas \u2013 tak, jak nad Jezusem \u2013 wypowiada owe przepi\u0119kne s\u0142owa:&nbsp;<b>To jest moje umi\u0142owane dziecko,&nbsp;<i>w kt\u00f3rym mam upodobanie<\/i>.<\/b><\/div>\n<div class=\"MsoNormal\" style=\"font-family: 'Times New Roman'; font-size: 14px; margin-bottom: 0px; margin-left: 0px; margin-right: 0px; margin-top: 0.4em; text-align: justify; text-indent: 35.4pt;\">A skutki \u2013 owoce tego Sakramentu skrupulatnie zbiera, wylicza i obja\u015bnia&nbsp;<b>nauka Ko\u015bcio\u0142a, szczeg\u00f3lnie w Katechizmie Ko\u015bcio\u0142a Katolickiego i Kodeksie Prawa Kanonicznego.<\/b>&nbsp;Zechciejmy w wielkim skr\u00f3cie przypomnie\u0107 je sobie i od nowa u\u015bwiadomi\u0107, jak wielkie wydarzenie dokona\u0142o si\u0119 u pocz\u0105tk\u00f3w naszego \u017cycia.<\/div>\n<div class=\"MsoNormal\" style=\"font-family: 'Times New Roman'; font-size: 14px; margin-bottom: 0px; margin-left: 0px; margin-right: 0px; margin-top: 0.4em; text-align: justify;\">&nbsp;&nbsp;&nbsp;&nbsp;&nbsp;&nbsp;&nbsp;&nbsp;&nbsp;&nbsp;&nbsp;&nbsp;Tak zatem,&nbsp;<b>pierwszym owocem przyj\u0119cia Chrztu \u015awi\u0119tego jest uwolnienie od grzechu pierworodnego<\/b>&nbsp;i wszystkich innych grzech\u00f3w, pope\u0142nionych przed przyj\u0119ciem tego Sakramentu. W ten spos\u00f3b cz\u0142owiek obdarzony zostaje godno\u015bci\u0105 dziecka Bo\u017cego i otrzymuje \u2013 opr\u00f3cz swojego nowego imienia \u2013 imi\u0119 chrze\u015bcijanina!<\/div>\n<div class=\"MsoNormal\" style=\"font-family: 'Times New Roman'; font-size: 14px; margin-bottom: 0px; margin-left: 0px; margin-right: 0px; margin-top: 0.4em; text-align: justify; text-indent: 35.4pt;\">Nast\u0119pnym skutkiem \u2013 jak\u017ce wa\u017cnym \u2013 jest&nbsp;<b>otwarcie bramy do pozosta\u0142ych Sakrament\u00f3w.&nbsp;<\/b>Nikt nie mo\u017ce przyj\u0105\u0107 \u017cadnego Sakramentu, je\u017celi najpierw nie zosta\u0142 ochrzczony. Dlatego te\u017c jednym z okre\u015ble\u0144 Chrztu jest w\u0142a\u015bnie: brama Sakrament\u00f3w.<\/div>\n<div class=\"MsoNormal\" style=\"font-family: 'Times New Roman'; font-size: 14px; margin-bottom: 0px; margin-left: 0px; margin-right: 0px; margin-top: 0.4em; text-align: justify; text-indent: 35.4pt;\">Ponadto,&nbsp;<b>Chrzest w\u0142\u0105cza do Ko\u015bcio\u0142a jako Wsp\u00f3lnoty, jako Ludu Bo\u017cego.&nbsp;<\/b>A je\u017celi m\u00f3wimy o wsp\u00f3lnocie, to mamy na my\u015bli jak\u0105\u015b grup\u0119 ludzi bliskich sobie \u2013 ludzi, kt\u00f3rzy si\u0119 za siebie modl\u0105, kt\u00f3rzy si\u0119 wspieraj\u0105, dobrze sobie \u017cycz\u0105, pomagaj\u0105 sobie. W\u0142\u0105czenie do Ko\u015bcio\u0142a jako Wsp\u00f3lnoty sprawia, \u017ce&nbsp;<b>cz\u0142owiek zostaje otoczony wie\u0144cem dobrych serc<\/b>&nbsp;i otrzymuje to wszystko, co w og\u00f3le wi\u0105\u017ce si\u0119 z dobrze rozumianym poj\u0119ciem wsp\u00f3lnoty. Staje si\u0119 cz\u0142onkiem Wsp\u00f3lnoty<b>Ko\u015bcio\u0142a pielgrzymuj\u0105cego<\/b>&nbsp;przez ziemi\u0119, ale te\u017c tego&nbsp;<b>Ko\u015bcio\u0142a cierpi\u0105cego<\/b>&nbsp;w czy\u015b\u0107cu, jak i tego&nbsp;<b>triumfuj\u0105cego<\/b>&nbsp;\u2013 w Niebie!<\/div>\n<div class=\"MsoNormal\" style=\"font-family: 'Times New Roman'; font-size: 14px; margin-bottom: 0px; margin-left: 0px; margin-right: 0px; margin-top: 0.4em; text-align: justify; text-indent: 35.4pt;\">Co prawda, kto\u015b mo\u017ce zarzuci\u0107, \u017ce z t\u0105 wsp\u00f3lnot\u0105 w Ko\u015bciele tu na ziemi to jest r\u00f3\u017cnie, bo ludzie wcale nie s\u0105 dla siebie takimi \u201eanio\u0142ami\u201d i nieraz nie ma zgody nawet w jednej rodzinie, a c\u00f3\u017c dopiero w jakiej\u015b wi\u0119kszej spo\u0142eczno\u015bci\u2026 Tak, to prawda,&nbsp;<b>ale m\u00f3wimy tu o tym, jak powinno by\u0107, m\u00f3wimy o jakim\u015b ideale,&nbsp;<\/b>do kt\u00f3rego zmierzamy, kt\u00f3ry chcemy osi\u0105ga\u0107. I budowa\u0107 \u2013 przynajmniej na w\u0142asnym odcinku.<\/div>\n<div class=\"MsoNormal\" style=\"font-family: 'Times New Roman'; font-size: 14px; margin-bottom: 0px; margin-left: 0px; margin-right: 0px; margin-top: 0.4em; text-align: justify; text-indent: 35.4pt;\">Kolejnym skutkiem przyj\u0119cia Chrztu jest&nbsp;<b>w\u0142\u0105czenie do Ko\u015bcio\u0142a jako zorganizowanej spo\u0142eczno\u015bci hierarchicznej, z jednoczesnym nabyciem osobowo\u015bci prawnej w tej\u017ce spo\u0142eczno\u015bci.<\/b>&nbsp;Oznacza to w praktyce nabycie praw i obowi\u0105zk\u00f3w w spo\u0142eczno\u015bci Ko\u015bcio\u0142a, nabycie osobowo\u015bci prawnej w Ko\u015bciele.&nbsp;<b>Cz\u0142owiek ochrzczony staje si\u0119 podmiotem prawa w Ko\u015bciele,<\/b>&nbsp;staje si\u0119 \u2013 je\u015bli tak mo\u017cna powiedzie\u0107 \u2013 obywatelem w spo\u0142eczno\u015bci Ko\u015bcio\u0142a.<\/div>\n<div class=\"MsoNormal\" style=\"font-family: 'Times New Roman'; font-size: 14px; margin-bottom: 0px; margin-left: 0px; margin-right: 0px; margin-top: 0.4em; text-align: justify; text-indent: 35.4pt;\"><b>Ma w niej swoje prawa:<\/b>&nbsp;prawo do opieki duszpasterskiej, prawo do bycia nauczanym w sprawach wiary, w\u0142a\u015bciwie rozumiane prawo do Sakrament\u00f3w, prawo do modlitwy w swoich intencjach, prawo do dobrego imienia, prawo do wyra\u017cania swojej przemy\u015blanej i zgodnej z prawym sumieniem opinii o Ko\u015bciele i jego problemach, a wreszcie \u2013 prawo do wszystkich \u015brodk\u00f3w, kt\u00f3re pomog\u0105 mu osi\u0105gn\u0105\u0107 zbawienie.<\/div>\n<div class=\"MsoNormal\" style=\"font-family: 'Times New Roman'; font-size: 14px; margin-bottom: 0px; margin-left: 0px; margin-right: 0px; margin-top: 0.4em; text-align: justify; text-indent: 35.4pt;\"><b>Do obowi\u0105zk\u00f3w za\u015b nale\u017cy zaliczy\u0107:&nbsp;<\/b>modlitw\u0119 w intencji Ko\u015bcio\u0142a, w\u0142a\u015bciw\u0105 chrze\u015bcija\u0144sk\u0105 postaw\u0119, kt\u00f3ra b\u0119dzie sposobem budowania duchowego dobra Ko\u015bcio\u0142a, a ponadto \u2013 obowi\u0105zek troski o Ko\u015bci\u00f3\u0142 w sensie dobrego o nim m\u00f3wienia, budowanie prawdziwej opinii o nim, obrony Ko\u015bcio\u0142a i jego nauki w razie konieczno\u015bci, kierowania si\u0119 w \u017cyciu t\u0105 nauk\u0105, a wreszcie \u2013 na miar\u0119 swoich mo\u017cliwo\u015bci \u2013 tak\u017ce materialnego wspierania Ko\u015bcio\u0142a.<\/div>\n<div class=\"MsoNormal\" style=\"font-family: 'Times New Roman'; font-size: 14px; margin-bottom: 0px; margin-left: 0px; margin-right: 0px; margin-top: 0.4em; text-align: justify; text-indent: 35.4pt;\">To wszystko, co tu sobie m\u00f3wimy, oznacza w istocie&nbsp;<b>podj\u0119cie prawdziwej odpowiedzialno\u015bci za Ko\u015bci\u00f3\u0142,<\/b>&nbsp;a to jest kolejny, jaki tu sobie mo\u017cemy wyr\u00f3\u017cni\u0107, skutek przyj\u0119cia tego Sakramentu.&nbsp;<b>Podj\u0119cie odpowiedzialno\u015bci za Ko\u015bci\u00f3\u0142.<\/b>&nbsp;Co to oznacza? A to w\u0142a\u015bnie, \u017ce od chwili Chrztu&nbsp;<b>ten Ko\u015bci\u00f3\u0142 jest moim Ko\u015bcio\u0142em!<\/b>&nbsp;To nie jest ju\u017c \u201eich\u201d Ko\u015bci\u00f3\u0142 \u2013 ich, czyli papie\u017ca, biskupa, czy proboszcza\u2026 Albo te\u017c inaczej: Ko\u015bci\u00f3\u0142, to nie tylko \u201eoni\u201d \u2013 w sensie: ksi\u0119\u017ca, zakonnicy\u2026&nbsp;<b>Ko\u015bci\u00f3\u0142 \u2013 tomy wszyscy!<\/b>To tak\u017ce ja i ca\u0142e moje \u017cycie \u2013 to wszystko, co mnie stanowi!<\/div>\n<div class=\"MsoNormal\" style=\"font-family: 'Times New Roman'; font-size: 14px; margin-bottom: 0px; margin-left: 0px; margin-right: 0px; margin-top: 0.4em; text-align: justify; text-indent: 35.4pt;\">Dlatego jestem za budowanie i pomna\u017canie dobra tego Ko\u015bcio\u0142a osobi\u015bcie odpowiedzialny, a to oznacza, \u017ce nie wystarczy tylko bezwiednie powtarza\u0107 za niekt\u00f3rymi mediami: Ko\u015bci\u00f3\u0142 &#8222;to&#8221; \u2013 Ko\u015bci\u00f3\u0142 &#8222;tamto&#8221;,&nbsp;<b>a w\u0142a\u015bnie zabiera\u0107 g\u0142os w dyskusjach, jednak przez pryzmat tej \u015bwiadomo\u015bci: Ko\u015bci\u00f3\u0142 \u2013 to my wszyscy! Ko\u015bci\u00f3\u0142 \u2013 to tak\u017ce ja i moje w nim miejsce!<\/b>&nbsp;Dlatego mam kocha\u0107 Ko\u015bci\u00f3\u0142! Mam wierzy\u0107 w Ko\u015bci\u00f3\u0142! Z tej perspektywy naprawd\u0119 wszystko wygl\u0105da inaczej. Nawet, je\u017celi przychodzi nam m\u00f3wi\u0107 o sprawach bardzo trudnych \u2013 rzeczywi\u015bcie trudnych!<\/div>\n<div class=\"MsoNormal\" style=\"font-family: 'Times New Roman'; font-size: 14px; margin-bottom: 0px; margin-left: 0px; margin-right: 0px; margin-top: 0.4em; text-align: justify; text-indent: 35.4pt;\">I jeszcze jeden owoc \u2013 skutek przyj\u0119cia Chrztu \u015awi\u0119tego:&nbsp;<b>w\u0142\u0105czenie do potr\u00f3jnej misji Chrystusa.<\/b>&nbsp;Oto bowiem Chrystus jawi si\u0119 nam jako Ten, kt\u00f3ry \u0142\u0105czy w sobie&nbsp;<b>misj\u0119 kap\u0142ana, proroka i kr\u00f3la.&nbsp;<\/b>I Chrzest \u015awi\u0119ty czyni cz\u0142owieka uczestnikiem ka\u017cdej z nich. Co to w praktyce oznacza?<\/div>\n<div class=\"MsoNormal\" style=\"font-family: 'Times New Roman'; font-size: 14px; margin-bottom: 0px; margin-left: 0px; margin-right: 0px; margin-top: 0.4em; text-align: justify; text-indent: 35.4pt;\">Trzeba nam najpierw u\u015bwiadomi\u0107 sobie, co jest zadaniem ka\u017cdej z tych funkcji<b>. Co jest takim g\u0142\u00f3wnym, najwa\u017cniejszym zadaniem kap\u0142ana \u2013 i to w ka\u017cdej religii, na ka\u017cdym etapie dziej\u00f3w?<\/b>&nbsp;Oczywi\u015bcie wiemy, \u017ce takim najwa\u017cniejszym zadaniem jest&nbsp;<b>sk\u0142adanie ofiary<\/b>czczonemu przez siebie b\u00f3stwu \u2013 sk\u0142adanie ofiary w imieniu ca\u0142ego ludu, w celu uproszenia \u0142askawo\u015bci tego\u017c b\u00f3stwa. My, kt\u00f3rzy wierzymy w Boga jedynego, Jemu sk\u0142adamy swoje ofiary, a najdoskonalsz\u0105 ofiar\u0105, jak\u0105 obecnie mo\u017cemy mu z\u0142o\u017cy\u0107,&nbsp;<b>jest Ofiara Mszy \u015awi\u0119tej \u2013 Ofiara chleba iwina,<\/b>&nbsp;kt\u00f3re sk\u0142adamy Bogu, a kt\u00f3re On nam oddaje jako Cia\u0142o i Krew swego Syna. Jednak t\u0119 Ofiar\u0119 mog\u0105 sk\u0142ada\u0107 tylko wy\u015bwi\u0119ceni kap\u0142ani.<\/div>\n<div class=\"MsoNormal\" style=\"font-family: 'Times New Roman'; font-size: 14px; margin-bottom: 0px; margin-left: 0px; margin-right: 0px; margin-top: 0.4em; text-align: justify; text-indent: 35.4pt;\"><b>W\u0142\u0105czenie nas wszystkich do misji kap\u0142a\u0144skiej<\/b>&nbsp;Chrystusa oznacza natomiast umiej\u0119tno\u015b\u0107 i gotowo\u015b\u0107 do codziennego sk\u0142adania Bogu<b>ofiary ze swego \u017cycia: ze swoich my\u015bli, zamiar\u00f3w, czyn\u00f3w, tak\u017ce \u2013 ze swoich cierpie\u0144\u2026<\/b>&nbsp;Jak\u017ce to bardzo wa\u017cna umiej\u0119tno\u015b\u0107, aby\u015bmy to wszystko, co prze\u017cywamy, nieustannie oddawali Bogu. Ka\u017cde swoje cierpienie, ka\u017cde swoje do\u015bwiadczenie mo\u017cemy ofiarowa\u0107 w jakiej\u015b intencji. Warto! Tym bardziej, \u017ce przecie\u017c mamy co ofiarowa\u0107, bo cierpie\u0144 i przeciwno\u015bci \u2013 niestety \u2013 nam nie brakuje. Dlatego zamiast narzeka\u0107 i poddawa\u0107 si\u0119 rezygnacji, mo\u017cna Bogu ofiarowa\u0107 swoje cierpienie, a ono<b>ma w oczach Bo\u017cych zawsze ogromn\u0105 cen\u0119 i bardzo wspiera nasz\u0105 modlitw\u0119!<\/b><\/div>\n<div class=\"MsoNormal\" style=\"font-family: 'Times New Roman'; font-size: 14px; margin-bottom: 0px; margin-left: 0px; margin-right: 0px; margin-top: 0.4em; text-align: justify; text-indent: 35.4pt;\">Z kolei, przechodz\u0105c do misji prorockiej, nale\u017cy zapyta\u0107,&nbsp;<b>co jest g\u0142\u00f3wnym zadaniem proroka?<\/b>&nbsp;Najprostsze skojarzenie, jakie nam si\u0119 nasuwa, to przepowiadanie przysz\u0142o\u015bci. Jest to jednak uproszczenie, bo prorok to nie wr\u00f3\u017cka, tylko&nbsp;<b>ten, kto m\u00f3wi w imieniu Boga!&nbsp;<\/b>I przy okazji \u2013 to prawda \u2013 nieraz trzeba mu przepowiedzie\u0107 jakie\u015b przysz\u0142e wydarzenia, czy znaki, ale te\u017c wiemy ze Starego Testamentu, \u017ce B\u00f3g wysy\u0142a\u0142 prorok\u00f3w, aby oceniali&nbsp;<b>ju\u017c dokonane&nbsp;<\/b>czyny w\u0142adc\u00f3w, czy innych poszczeg\u00f3lnych os\u00f3b\u2026<\/div>\n<div class=\"MsoNormal\" style=\"font-family: 'Times New Roman'; font-size: 14px; margin-bottom: 0px; margin-left: 0px; margin-right: 0px; margin-top: 0.4em; text-align: justify; text-indent: 35.4pt;\"><b>W\u0142\u0105czenie zatem ka\u017cdego z nas w chwili Chrztu do misji prorockiej<\/b>&nbsp;Chrystusa oznacza zobowi\u0105zanie do codziennego i konsekwentnego dawania \u015bwiadectwa o wyznawanej wierze \u2013&nbsp;<b>tak s\u0142owem, jak i przyk\u0142adem \u017cycia.<\/b>&nbsp;A my\u015bl\u0119, \u017ce okazji do tego r\u00f3wnie\u017c nie brakuje. Ka\u017cde \u015bwi\u0105teczne spotkanie rodzinne to mo\u017cliwo\u015b\u0107 zrealizowania tej misji. Ale te\u017c i w wielu innych sytuacjach, jakie dziej\u0105 si\u0119 w naszym \u017cyciu.<\/div>\n<div class=\"MsoNormal\" style=\"font-family: 'Times New Roman'; font-size: 14px; margin-bottom: 0px; margin-left: 0px; margin-right: 0px; margin-top: 0.4em; text-align: justify; text-indent: 35.4pt;\">I wreszcie \u2013 misja kr\u00f3lewska. Zapytajmy,&nbsp;<b>co jest zadaniem kr\u00f3la?<\/b>Na pewno ka\u017cdy od razu odpowie: rz\u0105dzi\u0107 lud\u017ami. Tak, ale w jakim duchu? W\u0142a\u015bnie \u2013&nbsp;<b>w duchu odpowiedzialno\u015bci za swoich poddanych!<\/b>Kr\u00f3l to ten, kto jest odpowiedzialny za sw\u00f3j nar\u00f3d, za jego dobro, za jego pomy\u015blno\u015b\u0107. To prawda, \u017ce r\u00f3\u017cnie z tym bywa\u0142o na przestrzeni wiek\u00f3w, ale my tu sobie m\u00f3wimy, jak by\u0107 powinno! A w\u0142a\u015bnie tak powinno by\u0107:<b>kr\u00f3l jest odpowiedzialny za dobro swoich obywateli \u2013 i w tym duchu sprawuje swoje rz\u0105dy.<\/b>&nbsp;Dlatego m\u00f3wi\u0105c o misji kr\u00f3lewskiej \u2013 w odniesieniu do Chrystusa \u2013&nbsp;<b>nazywamy j\u0105 jednocze\u015bnie misj\u0105 pastersk\u0105<\/b>&nbsp;i rozumiemy jako podj\u0119cie odpowiedzialno\u015bci za zbawienie ka\u017cdego cz\u0142owieka. Jak t\u0119 misj\u0119 zrealizowa\u0142 Chrystus \u2013 to wiemy. A my?<\/div>\n<div class=\"MsoNormal\" style=\"font-family: 'Times New Roman'; font-size: 14px; margin-bottom: 0px; margin-left: 0px; margin-right: 0px; margin-top: 0.4em; text-align: justify; text-indent: 35.4pt;\">W\u0142a\u015bnie!&nbsp;<b>W\u0142\u0105czenie nas do misji kr\u00f3lewskiej \u2013 pasterskiej \u2013<\/b>oznacza dok\u0142adnie to samo:&nbsp;<b>oznacza podj\u0119cie i realizowanie odpowiedzialno\u015bci za zbawienie swoje i innych.<\/b>&nbsp;W tym mie\u015bci si\u0119 obowi\u0105zek modlitwy za innych, obowi\u0105zek dawania innym dobrego przyk\u0142adu, obowi\u0105zek udzielenia dobrej rady, tak\u017ce \u2013 bardzo trudny obowi\u0105zek&nbsp;<b>upomnienia z mi\u0142o\u015bci\u0105<\/b>\u2026<\/div>\n<div class=\"MsoNormal\" style=\"font-family: 'Times New Roman'; font-size: 14px; margin-bottom: 0px; margin-left: 0px; margin-right: 0px; margin-top: 0.4em; text-align: justify; text-indent: 35.4pt;\">Kochani, powiedzmy to wyra\u017anie: od chwili Chrztu nikt z nas nie ma prawa powiedzie\u0107 o czyim\u015b grzechu, o czyim\u015b z\u0142u \u2013 \u201eto tw\u00f3j problem\u201d!<b>Nie, to jest tak\u017ce m\u00f3j problem!<\/b>&nbsp;Bo ka\u017cdy grzech&nbsp;<b>uderza w ca\u0142y Ko\u015bci\u00f3\u0142 i w jaki\u015b spos\u00f3b go rani.<\/b>&nbsp;Ka\u017cdy grzech, ka\u017cde z\u0142o, nawet uczynione w najwi\u0119kszej tajemnicy!&nbsp;<b>Przeto nie mo\u017cemy uchyla\u0107 si\u0119 od obowi\u0105zku reagowania na z\u0142o<\/b>&nbsp;\u2013 przynajmniej w odniesieniu do os\u00f3b, z kt\u00f3rymi \u017cyjemy, wobec kt\u00f3rych spe\u0142niamy rol\u0119 rodzic\u00f3w, opiekun\u00f3w, wychowawc\u00f3w, prze\u0142o\u017conych, ale te\u017c wobec tych, z kt\u00f3rymi pracujemy, przebywamy\u2026&nbsp;<b>I nikt ochrzczony nie mo\u017ce na takie upomnienie odpowiedzie\u0107: \u201eTo nie twoja sprawa. Nie wtr\u0105caj si\u0119!\u201d<\/b><\/div>\n<div class=\"MsoNormal\" style=\"font-family: 'Times New Roman'; font-size: 14px; margin-bottom: 0px; margin-left: 0px; margin-right: 0px; margin-top: 0.4em; text-align: justify; text-indent: 35.4pt;\">Naturalnie, trzeba pomy\u015ble\u0107&nbsp;<b>nad sposobem delikatnego i kulturalnego zwr\u00f3cenia uwagi,<\/b>&nbsp;a tak\u017ce nad tym, \u017ceby uczyni\u0107 to z mi\u0142o\u015bci\u0105 i trosk\u0105 o zbawienie cz\u0142owieka, a nie po to, \u017ceby mu \u2013 przepraszam za kolokwializm \u2013 \u201edokopa\u0107\u201d, natomiast&nbsp;<b>co do zasady sytuacja jest oczywista: mamy absolutny obowi\u0105zek reagowa\u0107 na z\u0142o,<\/b>czynione przez innych! W\u0142a\u015bnie z racji na w\u0142\u0105czenie do misji kr\u00f3lewskiej \u2013 pasterskiej \u2013 Jezusa Chrystusa.<\/div>\n<div class=\"MsoNormal\" style=\"font-family: 'Times New Roman'; font-size: 14px; margin-bottom: 0px; margin-left: 0px; margin-right: 0px; margin-top: 0.4em; text-align: justify; text-indent: 35.4pt;\">Takie zatem bogactwo duchowe daje nam, Kochani, Chrzest \u015awi\u0119ty.&nbsp;<b>Zbierzmy to jeszcze raz! Przyj\u0119cie Chrztu \u015awi\u0119tego:&nbsp;<\/b>uwalnia od grzechu pierworodnego i wszystkich innych grzech\u00f3w, przed Chrztem pope\u0142nionych; otwiera nam bramy do pozosta\u0142ych Sakrament\u00f3w; w\u0142\u0105cza do Ko\u015bcio\u0142a jako Wsp\u00f3lnoty, jako Ludu Bo\u017cego; w\u0142\u0105cza do Ko\u015bcio\u0142a jako zorganizowanej spo\u0142eczno\u015bci hierarchicznej; obdarza osobowo\u015bci\u0105 prawn\u0105 w Ko\u015bciele, z kt\u00f3r\u0105 wi\u0105\u017ce si\u0119 nabycie praw i obowi\u0105zk\u00f3w w tej spo\u0142eczno\u015bci; zobowi\u0105zuje do podj\u0119cia odpowiedzialno\u015bci za Ko\u015bci\u00f3\u0142; w\u0142\u0105cza do potr\u00f3jnej misji Chrystusa: kap\u0142a\u0144skiej, prorockiej i kr\u00f3lewskiej, czyli pasterskiej.<\/div>\n<div class=\"MsoNormal\" style=\"font-family: 'Times New Roman'; font-size: 14px; margin-bottom: 0px; margin-left: 0px; margin-right: 0px; margin-top: 0.4em; text-align: justify;\">&nbsp;&nbsp;&nbsp;&nbsp;&nbsp;&nbsp;&nbsp;&nbsp;&nbsp;&nbsp;&nbsp;&nbsp;Zobaczmy, Kochani, co tak naprawd\u0119 dokonuje si\u0119 w chwili, kiedy kap\u0142an wykonuje ten najprostszy gest, jakim jest polanie g\u0142\u00f3wki dziecka odrobin\u0105 wody.&nbsp;<b>Przecie\u017c to prawdziwa rewolucja w sercu i duszy cz\u0142owieka! Pierwszy krok do zbawienia!&nbsp;<\/b>Tego zbawienia, do kt\u00f3rego jeste\u015bmy wszyscy bez wyj\u0105tku zaproszeni \u2013 jak nam to u\u015bwiadamia pierwsze i drugie dzisiejsze czytanie \u2013 o ile tylko&nbsp;<b>w pe\u0142ni zrealizujemy zadania, wynikaj\u0105ce z Chrztu \u015awi\u0119tego,<\/b>&nbsp;pierwszego Sakramentu.<\/div>\n<div class=\"MsoNormal\" style=\"font-family: 'Times New Roman'; font-size: 14px; margin-bottom: 0px; margin-left: 0px; margin-right: 0px; margin-top: 0.4em; text-align: justify; text-indent: 35.4pt;\">W dzisiejsz\u0105 niedziel\u0119 zechciejmy to sobie raz jeszcze jasno u\u015bwiadomi\u0107 i Bogu za ten wielki dar wybrania \u2013 podzi\u0119kowa\u0107!<\/div>\n<div class=\"MsoNormal\" style=\"font-family: 'Times New Roman'; font-size: 14px; margin-bottom: 0px; margin-left: 0px; margin-right: 0px; margin-top: 0.4em; text-align: justify;\">&nbsp;&nbsp;&nbsp;&nbsp;&nbsp;&nbsp;&nbsp;&nbsp;&nbsp;&nbsp;&nbsp;&nbsp;A w chwili refleksji zastan\u00f3wmy si\u0119:<\/div>\n<ul style=\"font-family: 'Times New Roman'; font-size: 14px; margin-top: 0cm;\" type=\"disc\">\n<li class=\"MsoNormal\" style=\"text-align: justify;\">Jak cz\u0119sto dzi\u0119kuj\u0119 Bogu za Chrzest \u015awi\u0119ty, za miano i godno\u015b\u0107 chrze\u015bcijanina, oraz za swoich rodzic\u00f3w i rodzic\u00f3w chrzestnych?<\/li>\n<li class=\"MsoNormal\" style=\"text-align: justify;\">Co to dla mnie na co dzie\u0144 oznacza, \u017ce jestem chrze\u015bcijaninem?<\/li>\n<li class=\"MsoNormal\" style=\"text-align: justify;\">Jak na co dzie\u0144 realizuj\u0119 w swoim \u017cyciu potr\u00f3jn\u0105 misj\u0119 Chrystusa?<\/li>\n<\/ul>\n<div class=\"MsoNormal\" style=\"font-family: 'Times New Roman'; font-size: 14px; margin-bottom: 0px; margin-left: 0px; margin-right: 0px; margin-top: 0.4em; text-align: justify; text-indent: 18pt;\"><b><i>Ja, Pan, powo\u0142a\u0142em ci\u0119&nbsp;<\/i><\/b><b>[\u2026],&nbsp;<i>uj\u0105\u0142em Ci\u0119 za r\u0119k\u0119 i ukszta\u0142towa\u0142em<\/i>!<\/b><\/div>\n<div><b><br \/>\n<\/b><\/div>\n","protected":false},"excerpt":{"rendered":"<p>Witam wszystkich bardzo serdecznie i zapraszam do refleksji nad pocz\u0105tkami naszej wiary, naszej przynale\u017cno\u015bci do Ko\u015bcio\u0142a, kt\u00f3rych to pocz\u0105tk\u00f3w dopatrujemy si\u0119 w chwili Chrztu \u015awi\u0119tego! Niech tej refleksji nie zag\u0142uszy medialny huk &#8222;jedynie s\u0142usznej&#8221; akcji &#8211; orkiestry! Prosz\u0119 Was, Kochani, o zdrowy rozs\u0105dek i trze\u017awe spojrzenie na t\u0119 spraw\u0119. A wi\u0119cej napisz\u0119 o tym jutro!&nbsp;&nbsp;&nbsp;&nbsp;&nbsp;&nbsp;&nbsp;&nbsp;&nbsp;&nbsp;&nbsp;&nbsp;&nbsp;&nbsp;&nbsp;&nbsp;&nbsp;&nbsp;&nbsp;&nbsp;&nbsp;&nbsp;&nbsp;&nbsp;&nbsp;&nbsp;&nbsp; [&hellip;]<\/p>\n","protected":false},"author":1,"featured_media":0,"comment_status":"open","ping_status":"open","sticky":false,"template":"","format":"standard","meta":{"jetpack_post_was_ever_published":false,"_jetpack_newsletter_access":"","_jetpack_dont_email_post_to_subs":false,"_jetpack_newsletter_tier_id":0,"_jetpack_memberships_contains_paywalled_content":false,"_jetpack_memberships_contains_paid_content":false,"footnotes":""},"categories":[1],"tags":[],"class_list":["post-9985","post","type-post","status-publish","format-standard","hentry","category-bez-kategorii"],"yoast_head":"<!-- This site is optimized with the Yoast SEO plugin v25.1 - https:\/\/yoast.com\/wordpress\/plugins\/seo\/ -->\n<title>Dzi\u0119kujmy za Chrzest \u015awi\u0119ty! - Gaudium Et Spes<\/title>\n<meta name=\"robots\" content=\"index, follow, max-snippet:-1, max-image-preview:large, max-video-preview:-1\" \/>\n<link rel=\"canonical\" href=\"https:\/\/gaudiumetspes-blog.pl\/index.php\/2011\/01\/10\/dziekujmy-za-chrzest-swiety\/\" \/>\n<meta property=\"og:locale\" content=\"pl_PL\" \/>\n<meta property=\"og:type\" content=\"article\" \/>\n<meta property=\"og:title\" content=\"Dzi\u0119kujmy za Chrzest \u015awi\u0119ty! - Gaudium Et Spes\" \/>\n<meta property=\"og:description\" content=\"Witam wszystkich bardzo serdecznie i zapraszam do refleksji nad pocz\u0105tkami naszej wiary, naszej przynale\u017cno\u015bci do Ko\u015bcio\u0142a, kt\u00f3rych to pocz\u0105tk\u00f3w dopatrujemy si\u0119 w chwili Chrztu \u015awi\u0119tego! Niech tej refleksji nie zag\u0142uszy medialny huk &#8222;jedynie s\u0142usznej&#8221; akcji &#8211; orkiestry! Prosz\u0119 Was, Kochani, o zdrowy rozs\u0105dek i trze\u017awe spojrzenie na t\u0119 spraw\u0119. A wi\u0119cej napisz\u0119 o tym jutro!&nbsp;&nbsp;&nbsp;&nbsp;&nbsp;&nbsp;&nbsp;&nbsp;&nbsp;&nbsp;&nbsp;&nbsp;&nbsp;&nbsp;&nbsp;&nbsp;&nbsp;&nbsp;&nbsp;&nbsp;&nbsp;&nbsp;&nbsp;&nbsp;&nbsp;&nbsp;&nbsp; [&hellip;]\" \/>\n<meta property=\"og:url\" content=\"https:\/\/gaudiumetspes-blog.pl\/index.php\/2011\/01\/10\/dziekujmy-za-chrzest-swiety\/\" \/>\n<meta property=\"og:site_name\" content=\"Gaudium Et Spes\" \/>\n<meta property=\"article:published_time\" content=\"2011-01-10T01:39:00+00:00\" \/>\n<meta property=\"article:modified_time\" content=\"2019-07-31T10:52:00+00:00\" \/>\n<meta name=\"author\" content=\"Ks. Jacek\" \/>\n<meta name=\"twitter:card\" content=\"summary_large_image\" \/>\n<meta name=\"twitter:label1\" content=\"Napisane przez\" \/>\n\t<meta name=\"twitter:data1\" content=\"Ks. Jacek\" \/>\n\t<meta name=\"twitter:label2\" content=\"Szacowany czas czytania\" \/>\n\t<meta name=\"twitter:data2\" content=\"12 minut\" \/>\n<script type=\"application\/ld+json\" class=\"yoast-schema-graph\">{\"@context\":\"https:\/\/schema.org\",\"@graph\":[{\"@type\":\"WebPage\",\"@id\":\"https:\/\/gaudiumetspes-blog.pl\/index.php\/2011\/01\/10\/dziekujmy-za-chrzest-swiety\/\",\"url\":\"https:\/\/gaudiumetspes-blog.pl\/index.php\/2011\/01\/10\/dziekujmy-za-chrzest-swiety\/\",\"name\":\"Dzi\u0119kujmy za Chrzest \u015awi\u0119ty! - Gaudium Et Spes\",\"isPartOf\":{\"@id\":\"https:\/\/gaudiumetspes-blog.pl\/#website\"},\"datePublished\":\"2011-01-10T01:39:00+00:00\",\"dateModified\":\"2019-07-31T10:52:00+00:00\",\"author\":{\"@id\":\"https:\/\/gaudiumetspes-blog.pl\/#\/schema\/person\/1661982992b752dea8dff0d4ed845a65\"},\"breadcrumb\":{\"@id\":\"https:\/\/gaudiumetspes-blog.pl\/index.php\/2011\/01\/10\/dziekujmy-za-chrzest-swiety\/#breadcrumb\"},\"inLanguage\":\"pl-PL\",\"potentialAction\":[{\"@type\":\"ReadAction\",\"target\":[\"https:\/\/gaudiumetspes-blog.pl\/index.php\/2011\/01\/10\/dziekujmy-za-chrzest-swiety\/\"]}]},{\"@type\":\"BreadcrumbList\",\"@id\":\"https:\/\/gaudiumetspes-blog.pl\/index.php\/2011\/01\/10\/dziekujmy-za-chrzest-swiety\/#breadcrumb\",\"itemListElement\":[{\"@type\":\"ListItem\",\"position\":1,\"name\":\"Strona g\u0142\u00f3wna\",\"item\":\"https:\/\/gaudiumetspes-blog.pl\/\"},{\"@type\":\"ListItem\",\"position\":2,\"name\":\"Dzi\u0119kujmy za&nbsp;Chrzest \u015awi\u0119ty!\"}]},{\"@type\":\"WebSite\",\"@id\":\"https:\/\/gaudiumetspes-blog.pl\/#website\",\"url\":\"https:\/\/gaudiumetspes-blog.pl\/\",\"name\":\"Gaudium Et Spes\",\"description\":\"Blog Ks. Jacka Ja\u015bkowskiego\",\"potentialAction\":[{\"@type\":\"SearchAction\",\"target\":{\"@type\":\"EntryPoint\",\"urlTemplate\":\"https:\/\/gaudiumetspes-blog.pl\/?s={search_term_string}\"},\"query-input\":{\"@type\":\"PropertyValueSpecification\",\"valueRequired\":true,\"valueName\":\"search_term_string\"}}],\"inLanguage\":\"pl-PL\"},{\"@type\":\"Person\",\"@id\":\"https:\/\/gaudiumetspes-blog.pl\/#\/schema\/person\/1661982992b752dea8dff0d4ed845a65\",\"name\":\"Ks. Jacek\",\"image\":{\"@type\":\"ImageObject\",\"inLanguage\":\"pl-PL\",\"@id\":\"https:\/\/gaudiumetspes-blog.pl\/#\/schema\/person\/image\/\",\"url\":\"https:\/\/gaudiumetspes-blog.pl\/wp-content\/uploads\/2019\/07\/avatar-JJ-150x150.jpg\",\"contentUrl\":\"https:\/\/gaudiumetspes-blog.pl\/wp-content\/uploads\/2019\/07\/avatar-JJ-150x150.jpg\",\"caption\":\"Ks. Jacek\"},\"description\":\"Witam serdecznie! K\u0142ania si\u0119 Ks. Jacek Ja\u015bkowski. Nie jestem ani kim\u015b wa\u017cnym, ani kim\u015b znanym. Jestem ksi\u0119dzem, kt\u00f3ry po prostu chce rozmawia\u0107. Codzienna kap\u0142a\u0144ska pos\u0142uga pokazuje mi, \u017ce temat\u00f3w do rozm\u00f3w z ksi\u0119dzem jest coraz wi\u0119cej i dzisiaj \u017caden ksi\u0105dz nie mo\u017ce od nich ucieka\u0107, ale - wprost przeciwnie - podejmowa\u0107 nowe wyzwania. To przekonanie sk\u0142oni\u0142o mnie do pr\u00f3by otwarcia tego\u017c bloga, chocia\u017c okazji do rozm\u00f3w na co dzie\u0144 - w konfesjonale i poza nim - na szcz\u0119\u015bcie nie brakuje. My\u015bl\u0119 jednak, \u017ce ten blog b\u0119dzie jeszcze jednym sposobem i przestrzeni\u0105 nawi\u0105zania kontaktu z lud\u017ami dobrej woli, otwartymi na dialog.\",\"url\":\"https:\/\/gaudiumetspes-blog.pl\/index.php\/author\/ks-jacek\/\"}]}<\/script>\n<!-- \/ Yoast SEO plugin. -->","yoast_head_json":{"title":"Dzi\u0119kujmy za Chrzest \u015awi\u0119ty! - Gaudium Et Spes","robots":{"index":"index","follow":"follow","max-snippet":"max-snippet:-1","max-image-preview":"max-image-preview:large","max-video-preview":"max-video-preview:-1"},"canonical":"https:\/\/gaudiumetspes-blog.pl\/index.php\/2011\/01\/10\/dziekujmy-za-chrzest-swiety\/","og_locale":"pl_PL","og_type":"article","og_title":"Dzi\u0119kujmy za Chrzest \u015awi\u0119ty! - Gaudium Et Spes","og_description":"Witam wszystkich bardzo serdecznie i zapraszam do refleksji nad pocz\u0105tkami naszej wiary, naszej przynale\u017cno\u015bci do Ko\u015bcio\u0142a, kt\u00f3rych to pocz\u0105tk\u00f3w dopatrujemy si\u0119 w chwili Chrztu \u015awi\u0119tego! Niech tej refleksji nie zag\u0142uszy medialny huk &#8222;jedynie s\u0142usznej&#8221; akcji &#8211; orkiestry! Prosz\u0119 Was, Kochani, o zdrowy rozs\u0105dek i trze\u017awe spojrzenie na t\u0119 spraw\u0119. A wi\u0119cej napisz\u0119 o tym jutro!&nbsp;&nbsp;&nbsp;&nbsp;&nbsp;&nbsp;&nbsp;&nbsp;&nbsp;&nbsp;&nbsp;&nbsp;&nbsp;&nbsp;&nbsp;&nbsp;&nbsp;&nbsp;&nbsp;&nbsp;&nbsp;&nbsp;&nbsp;&nbsp;&nbsp;&nbsp;&nbsp; [&hellip;]","og_url":"https:\/\/gaudiumetspes-blog.pl\/index.php\/2011\/01\/10\/dziekujmy-za-chrzest-swiety\/","og_site_name":"Gaudium Et Spes","article_published_time":"2011-01-10T01:39:00+00:00","article_modified_time":"2019-07-31T10:52:00+00:00","author":"Ks. Jacek","twitter_card":"summary_large_image","twitter_misc":{"Napisane przez":"Ks. Jacek","Szacowany czas czytania":"12 minut"},"schema":{"@context":"https:\/\/schema.org","@graph":[{"@type":"WebPage","@id":"https:\/\/gaudiumetspes-blog.pl\/index.php\/2011\/01\/10\/dziekujmy-za-chrzest-swiety\/","url":"https:\/\/gaudiumetspes-blog.pl\/index.php\/2011\/01\/10\/dziekujmy-za-chrzest-swiety\/","name":"Dzi\u0119kujmy za Chrzest \u015awi\u0119ty! - Gaudium Et Spes","isPartOf":{"@id":"https:\/\/gaudiumetspes-blog.pl\/#website"},"datePublished":"2011-01-10T01:39:00+00:00","dateModified":"2019-07-31T10:52:00+00:00","author":{"@id":"https:\/\/gaudiumetspes-blog.pl\/#\/schema\/person\/1661982992b752dea8dff0d4ed845a65"},"breadcrumb":{"@id":"https:\/\/gaudiumetspes-blog.pl\/index.php\/2011\/01\/10\/dziekujmy-za-chrzest-swiety\/#breadcrumb"},"inLanguage":"pl-PL","potentialAction":[{"@type":"ReadAction","target":["https:\/\/gaudiumetspes-blog.pl\/index.php\/2011\/01\/10\/dziekujmy-za-chrzest-swiety\/"]}]},{"@type":"BreadcrumbList","@id":"https:\/\/gaudiumetspes-blog.pl\/index.php\/2011\/01\/10\/dziekujmy-za-chrzest-swiety\/#breadcrumb","itemListElement":[{"@type":"ListItem","position":1,"name":"Strona g\u0142\u00f3wna","item":"https:\/\/gaudiumetspes-blog.pl\/"},{"@type":"ListItem","position":2,"name":"Dzi\u0119kujmy za&nbsp;Chrzest \u015awi\u0119ty!"}]},{"@type":"WebSite","@id":"https:\/\/gaudiumetspes-blog.pl\/#website","url":"https:\/\/gaudiumetspes-blog.pl\/","name":"Gaudium Et Spes","description":"Blog Ks. Jacka Ja\u015bkowskiego","potentialAction":[{"@type":"SearchAction","target":{"@type":"EntryPoint","urlTemplate":"https:\/\/gaudiumetspes-blog.pl\/?s={search_term_string}"},"query-input":{"@type":"PropertyValueSpecification","valueRequired":true,"valueName":"search_term_string"}}],"inLanguage":"pl-PL"},{"@type":"Person","@id":"https:\/\/gaudiumetspes-blog.pl\/#\/schema\/person\/1661982992b752dea8dff0d4ed845a65","name":"Ks. Jacek","image":{"@type":"ImageObject","inLanguage":"pl-PL","@id":"https:\/\/gaudiumetspes-blog.pl\/#\/schema\/person\/image\/","url":"https:\/\/gaudiumetspes-blog.pl\/wp-content\/uploads\/2019\/07\/avatar-JJ-150x150.jpg","contentUrl":"https:\/\/gaudiumetspes-blog.pl\/wp-content\/uploads\/2019\/07\/avatar-JJ-150x150.jpg","caption":"Ks. Jacek"},"description":"Witam serdecznie! K\u0142ania si\u0119 Ks. Jacek Ja\u015bkowski. Nie jestem ani kim\u015b wa\u017cnym, ani kim\u015b znanym. Jestem ksi\u0119dzem, kt\u00f3ry po prostu chce rozmawia\u0107. Codzienna kap\u0142a\u0144ska pos\u0142uga pokazuje mi, \u017ce temat\u00f3w do rozm\u00f3w z ksi\u0119dzem jest coraz wi\u0119cej i dzisiaj \u017caden ksi\u0105dz nie mo\u017ce od nich ucieka\u0107, ale - wprost przeciwnie - podejmowa\u0107 nowe wyzwania. To przekonanie sk\u0142oni\u0142o mnie do pr\u00f3by otwarcia tego\u017c bloga, chocia\u017c okazji do rozm\u00f3w na co dzie\u0144 - w konfesjonale i poza nim - na szcz\u0119\u015bcie nie brakuje. My\u015bl\u0119 jednak, \u017ce ten blog b\u0119dzie jeszcze jednym sposobem i przestrzeni\u0105 nawi\u0105zania kontaktu z lud\u017ami dobrej woli, otwartymi na dialog.","url":"https:\/\/gaudiumetspes-blog.pl\/index.php\/author\/ks-jacek\/"}]}},"jetpack_featured_media_url":"","jetpack_sharing_enabled":true,"_links":{"self":[{"href":"https:\/\/gaudiumetspes-blog.pl\/index.php\/wp-json\/wp\/v2\/posts\/9985","targetHints":{"allow":["GET"]}}],"collection":[{"href":"https:\/\/gaudiumetspes-blog.pl\/index.php\/wp-json\/wp\/v2\/posts"}],"about":[{"href":"https:\/\/gaudiumetspes-blog.pl\/index.php\/wp-json\/wp\/v2\/types\/post"}],"author":[{"embeddable":true,"href":"https:\/\/gaudiumetspes-blog.pl\/index.php\/wp-json\/wp\/v2\/users\/1"}],"replies":[{"embeddable":true,"href":"https:\/\/gaudiumetspes-blog.pl\/index.php\/wp-json\/wp\/v2\/comments?post=9985"}],"version-history":[{"count":1,"href":"https:\/\/gaudiumetspes-blog.pl\/index.php\/wp-json\/wp\/v2\/posts\/9985\/revisions"}],"predecessor-version":[{"id":10098,"href":"https:\/\/gaudiumetspes-blog.pl\/index.php\/wp-json\/wp\/v2\/posts\/9985\/revisions\/10098"}],"wp:attachment":[{"href":"https:\/\/gaudiumetspes-blog.pl\/index.php\/wp-json\/wp\/v2\/media?parent=9985"}],"wp:term":[{"taxonomy":"category","embeddable":true,"href":"https:\/\/gaudiumetspes-blog.pl\/index.php\/wp-json\/wp\/v2\/categories?post=9985"},{"taxonomy":"post_tag","embeddable":true,"href":"https:\/\/gaudiumetspes-blog.pl\/index.php\/wp-json\/wp\/v2\/tags?post=9985"}],"curies":[{"name":"wp","href":"https:\/\/api.w.org\/{rel}","templated":true}]}}