{"id":9992,"date":"2011-01-03T02:35:00","date_gmt":"2011-01-03T01:35:00","guid":{"rendered":"https:\/\/gaudiumetspes-blog.pl\/index.php\/2011\/01\/03\/przeozmy-swieta-na-zycie\/"},"modified":"2019-07-31T12:51:58","modified_gmt":"2019-07-31T10:51:58","slug":"przeozmy-swieta-na-zycie","status":"publish","type":"post","link":"https:\/\/gaudiumetspes-blog.pl\/index.php\/2011\/01\/03\/przeozmy-swieta-na-zycie\/","title":{"rendered":"Prze\u0142\u00f3\u017cmy \u015awi\u0119ta &#8211; na \u017cycie!"},"content":{"rendered":"<p>W\u0142a\u015bnie do refleksji nad tym chcia\u0142bym dzisiaj zach\u0119ci\u0107, przepraszaj\u0105c za op\u00f3\u017anienie tych, kt\u00f3rzy ju\u017c zajrzeli na bloga, ale dopiero wr\u00f3ci\u0142em z Parafii \u015awi\u0119tego W\u0142odzimierza na warszawskim Br\u00f3dnie, gdzie g\u0142osi\u0142em S\u0142owo Bo\u017ce i zbiera\u0142em ofiary na doko\u0144czenie budowy Sanktuarium Ojca Pio. Dlatego czym pr\u0119dzej wysy\u0142am dzisiejsze rozwa\u017canie, zapraszaj\u0105c do refleksji. A na 19.00 zapraszam na spotkanie Student\u00f3w!&nbsp;<br style=\"font-family: 'Times New Roman';\" \/>&nbsp;&nbsp;&nbsp;&nbsp;&nbsp;&nbsp;&nbsp;&nbsp;&nbsp;&nbsp;&nbsp;&nbsp;&nbsp;&nbsp;&nbsp;&nbsp;&nbsp;&nbsp;&nbsp;&nbsp;&nbsp;&nbsp;&nbsp;&nbsp;&nbsp; Gaudium et spes! Ks. Jacek&nbsp;<\/p>\n<div class=\"MsoNormal\" style=\"font-family: 'Times New Roman'; font-size: 14px; margin-bottom: 0px; margin-left: 0px; margin-right: 0px; margin-top: 0.4em; text-align: justify;\"><b>2 Niedziela po Narodzeniu Pa\u0144skim,<\/b><\/div>\n<div class=\"MsoNormal\" style=\"font-family: 'Times New Roman'; font-size: 14px; margin-bottom: 0px; margin-left: 0px; margin-right: 0px; margin-top: 0.4em; text-align: justify;\"><b>do czyta\u0144: Syr 24,1\u20132.8\u201312; Ef 1,3\u20136.15\u201318; J 1,1\u201318<\/b><\/div>\n<div class=\"MsoNormal\" style=\"font-family: 'Times New Roman'; font-size: 14px; margin-bottom: 0px; margin-left: 0px; margin-right: 0px; margin-top: 0.4em; text-align: justify; text-indent: 35.4pt;\">Dzisiejsza Liturgia S\u0142owa pe\u0142na jest&nbsp;<b>uwielbienia i pochwa\u0142y Boga<\/b>za wielkie rzeczy, jakich dokonuje w historii \u015bwiata i cz\u0142owieka. Oto w pierwszym czytaniu s\u0142yszymy&nbsp;<b>pochwa\u0142\u0119 Bo\u017cej M\u0105dro\u015bci,&nbsp;<\/b>kt\u00f3r\u0105 Syracydes ukazuje jako posta\u0107 uosobion\u0105 i zdoln\u0105 do tego, by si\u0119 wychwala\u0107, zabiera\u0107 g\u0142os na zgromadzeniu Najwy\u017cszego, ukazywa\u0107 si\u0119 dumnie przed Jego pot\u0119g\u0105\u2026 Kiedy s\u0142uchamy tego czytania uwa\u017cnie, to<b>przed naszymi oczami pojawia si\u0119 posta\u0107 owej M\u0105dro\u015bci,&nbsp;<\/b>stworzonej przed wiekami i maj\u0105cej istnie\u0107 bez ko\u0144ca, maj\u0105cej w\u0142adz\u0119 w Jeruzalem, zapuszczaj\u0105cej korzenie w dziedzictwie Pana.<\/div>\n<div class=\"MsoNormal\" style=\"font-family: 'Times New Roman'; font-size: 14px; margin-bottom: 0px; margin-left: 0px; margin-right: 0px; margin-top: 0.4em; text-align: justify; text-indent: 35.4pt;\">I jakkolwiek Autor biblijny ukazuje nam j\u0105&nbsp;<b>jako bardzo konkretn\u0105, wr\u0119cz materialn\u0105 posta\u0107,&nbsp;<\/b>to jednak wiemy, \u017ce wymyka si\u0119 ona takiemu zwyk\u0142emu ludzkiemu pojmowaniu sprawy i trudno j\u0105 precyzyjnie okre\u015bli\u0107 \u2013 czym jest, pr\u00f3buj\u0105c j\u0105 do tego zwa\u017cy\u0107 czy zmierzy\u0107. Jest to&nbsp;<b>jaka\u015b warto\u015b\u0107 duchowa, jest to jeden ze sposob\u00f3w objawiania si\u0119 Boga,<\/b>&nbsp;jest to jakie\u015b tajemnicze oblicze samego Boga\u2026<\/div>\n<div class=\"MsoNormal\" style=\"font-family: 'Times New Roman'; font-size: 14px; margin-bottom: 0px; margin-left: 0px; margin-right: 0px; margin-top: 0.4em; text-align: justify; text-indent: 35.4pt;\">Mo\u017cna j\u0105 por\u00f3wna\u0107&nbsp;<b>do S\u0142owa, o kt\u00f3rym Jan dzisiaj \u2013 ju\u017c po raz trzeci w ostatnich dniach \u2013 m\u00f3wi w Ewangelii.<\/b>&nbsp;Mamy tu podobny zabieg: s\u0142owo \u2013 czyli&nbsp;<b>co\u015b niematerialnego, niemo\u017cliwego do okre\u015blenia zwyk\u0142ymi ludzkimi kategoriami postrzegania<\/b>&nbsp;\u2013 zostaje w\u0142a\u015bnie tak ukazane: jako osoba, jako posta\u0107, jako byt cielesny. S\u0142yszymy przecie\u017c wprost:&nbsp;<b><i>A s\u0142owo cia\u0142em si\u0119 sta\u0142o i zamieszka\u0142o mi\u0119dzy nami<\/i>!&nbsp;<\/b>Co wi\u0119cej \u2013 tym razem&nbsp;<b>wiemy nawet, kim si\u0119 sta\u0142o!<\/b>&nbsp;Sta\u0142o si\u0119 Synem Bo\u017cym,<b>Jezusem Chrystusem.&nbsp;<\/b>To On jest tym wcielonym S\u0142owem, przedwiecznym S\u0142owem Ojca. Chocia\u017c to, \u017ce wiemy, i\u017c to Jezus, wcale<b>nie sprawia, \u017ce ca\u0142a sprawa jest dla nas ja\u015bniejsza, czy \u0142atwiejsza do zrozumienia.<\/b><\/div>\n<div class=\"MsoNormal\" style=\"font-family: 'Times New Roman'; font-size: 14px; margin-bottom: 0px; margin-left: 0px; margin-right: 0px; margin-top: 0.4em; text-align: justify; text-indent: 35.4pt;\">Wr\u0119cz przeciwnie \u2013 raczej tak samo, jak w pierwszym czytaniu, widzimy&nbsp;<b>zderzenie si\u0119 rzeczywisto\u015bci duchowej z materialn\u0105 \u2013<\/b>&nbsp;i tu, i tam wchodzimy w przestrze\u0144 jakiej\u015b tajemnicy i czego\u015b, co trudno po ludzku okre\u015bli\u0107 i wymierzy\u0107, chocia\u017c funkcjonuje w naszym ludzkim \u015bwiecie. Ale to w\u0142a\u015bnie w taki spos\u00f3b B\u00f3g dzia\u0142a w \u015bwiecie,&nbsp;<b>w\u0142a\u015bnie w taki spos\u00f3b wchodzi w nasz\u0105 rzeczywisto\u015b\u0107.<\/b><\/div>\n<div class=\"MsoNormal\" style=\"font-family: 'Times New Roman'; font-size: 14px; margin-bottom: 0px; margin-left: 0px; margin-right: 0px; margin-top: 0.4em; text-align: justify; text-indent: 35.4pt;\">Jest On niesko\u0144czenie wy\u017cszy i o wiele bardziej niezwyk\u0142y, ni\u017c by nam si\u0119 to mog\u0142o nawet wydawa\u0107, dlatego to Jego ukazywanie si\u0119 nam<b>jest r\u00f3wnie\u017c takie tajemnicze.<\/b>&nbsp;A jednak \u2013 staje si\u0119 do\u015b\u0107 konkretne, mo\u017cliwe do uchwycenia, zauwa\u017cenia\u2026 Bo przecie\u017c Jezusa Chrystusa, kt\u00f3ry jako prawdziwy B\u00f3g, ale i prawdziwy Cz\u0142owiek stan\u0105\u0142 pomi\u0119dzy lud\u017ami \u2013&nbsp;<b>da\u0142o si\u0119 zauwa\u017cy\u0107, da\u0142o si\u0119 us\u0142ysze\u0107, mo\u017cna Go by\u0142o dotkn\u0105\u0107\u2026<\/b>&nbsp;A wi\u0119c \u2013 konkretnie i widzialnie by\u0142 obecny.<\/div>\n<div class=\"MsoNormal\" style=\"font-family: 'Times New Roman'; font-size: 14px; margin-bottom: 0px; margin-left: 0px; margin-right: 0px; margin-top: 0.4em; text-align: justify; text-indent: 35.4pt;\">B\u00f3g sprawi\u0142, \u017ce to, co nieuchwytne, niewidzialne, tajemnicze, niematerialne, duchowe \u2013&nbsp;<b>dla nas i dla naszego zbawienia sta\u0142o si\u0119 materialne, uchwytne, widzialne i s\u0142yszalne, nie mniej tajemnicze, ale jednak mo\u017cliwe do przyj\u0119cia\u2026<\/b>&nbsp;Tak, to w\u0142a\u015bnie po to&nbsp;<i>S\u0142owo cia\u0142em si\u0119 sta\u0142o<\/i>. Odwieczna M\u0105dro\u015b\u0107 Boga znalaz\u0142a drog\u0119 do cz\u0142owieka.<\/div>\n<div class=\"MsoNormal\" style=\"font-family: 'Times New Roman'; font-size: 14px; margin-bottom: 0px; margin-left: 0px; margin-right: 0px; margin-top: 0.4em; text-align: justify; text-indent: 35.4pt;\">A cz\u0142owiek \u2013 c\u00f3\u017c na to?&nbsp;<b>Jak ma zareagowa\u0107 na to objawienie si\u0119 Boga, na to zst\u0119powanie Boga do niego?<\/b>&nbsp;Czy ma si\u0119 tym jedynie zachwyci\u0107, zaniem\u00f3wi\u0107 z wra\u017cenia, trwa\u0107 w jakiej\u015b ekstazie i podziwie?<b>Nie, to wszystko by\u0142oby za ma\u0142o.<\/b>&nbsp;\u015awi\u0119ty Pawe\u0142 Aposto\u0142 w drugim czytaniu daje bardzo konkretne wskaz\u00f3wki. Wychwalaj\u0105c Boga za to, \u017ce<b><i>nape\u0142ni\u0142 nas wszelkim b\u0142ogos\u0142awie\u0144stwem duchowym na wy\u017cynach niebieskich w Chrystusie<\/i><\/b>, jednocze\u015bnie stwierdza, \u017ce ten w\u0142a\u015bnie B\u00f3g wybra\u0142 nam, przeznaczy\u0142 nas \u2013 nas wszystkich \u2013 do zbawienia.<\/div>\n<div class=\"MsoNormal\" style=\"font-family: 'Times New Roman'; font-size: 14px; margin-bottom: 0px; margin-left: 0px; margin-right: 0px; margin-top: 0.4em; text-align: justify; text-indent: 35.4pt;\">Zanim nas jeszcze powo\u0142a\u0142 do istnienia \u2013 ju\u017c nas ukocha\u0142 i da\u0142 szans\u0119,&nbsp;<b><i>aby\u015bmy byli \u015bwi\u0119ci i nieskalani przed Jego obliczem<\/i>!<\/b>&nbsp;<i>Z mi\u0142o\u015bci przeznaczy\u0142 nas dla siebie jako przybranych syn\u00f3w przez Jezusa Chrystusa, wed\u0142ug postanowienia swojej woli, ku chwale majestatu swej \u0142aski, kt\u00f3r\u0105 obdarzy\u0142 nas w Umi\u0142owanym<\/i>. Takie s\u0142owa s\u0142yszymy w dzisiejszym drugim czytaniu, a wraz z nimi \u2013 modlitw\u0119 Paw\u0142a za wiernych Efezu, aby Pan da\u0142 im&nbsp;<b><i>ducha m\u0105dro\u015bci i \u015bwiat\u0142e oczy serca<\/i><\/b>, by mogli rozpozna\u0107 to Bo\u017ce objawianie si\u0119 i mogli realizowa\u0107 swoje powo\u0142anie do \u015bwi\u0119to\u015bci.<\/div>\n<div class=\"MsoNormal\" style=\"font-family: 'Times New Roman'; font-size: 14px; margin-bottom: 0px; margin-left: 0px; margin-right: 0px; margin-top: 0.4em; text-align: justify; text-indent: 35.4pt;\">Kochani, te w\u0142a\u015bnie s\u0142owa Aposto\u0142a Narod\u00f3w s\u0105 dla nas bardzo czytelnym wskazaniem i przypomnieniem, \u017ce ka\u017cdy z nas, do\u015bwiadczywszy spotkania z Panem, do\u015bwiadczywszy Jego obecno\u015bci, powinien poczu\u0107 si\u0119&nbsp;<b>osobi\u015bcie zobowi\u0105zany do tego, aby o tym \u015bwiadczy\u0107, aby swoj\u0105 postaw\u0105 potwierdzi\u0107 t\u0119 Bo\u017c\u0105 obecno\u015b\u0107!<\/b>&nbsp;A mo\u017ce wi\u0119cej \u2013 aby postawa chrze\u015bcijan by\u0142a&nbsp;<b>jeszcze jednym sposobem konkretnego objawiania si\u0119 Boga.<\/b>&nbsp;Aby to S\u0142owo, kt\u00f3re sta\u0142o si\u0119 cia\u0142em w Jezusie Chrystusie,&nbsp;<b>stawa\u0142o si\u0119 cia\u0142em tak\u017ce w czynach i postawach chrze\u015bcijan.<\/b><\/div>\n<div class=\"MsoNormal\" style=\"font-family: 'Times New Roman'; font-size: 14px; margin-bottom: 0px; margin-left: 0px; margin-right: 0px; margin-top: 0.4em; text-align: justify; text-indent: 35.4pt;\">Wz\u00f3r takiej postawy widzimy w dzia\u0142alno\u015bci Jana Chrzciciela \u2013 o czym m\u00f3wi nam dzisiejsza Ewangelia. O tak\u0105 postaw\u0119 \u015awi\u0119ty Pawe\u0142 modli si\u0119 dla wiernych Efezu. I w\u0142a\u015bnie&nbsp;<b>o tak\u0105 postaw\u0119 my dzisiaj, Kochani, m\u00f3dlmy si\u0119 dla siebie nawzajem,&nbsp;<\/b>aby\u015bmy do\u015bwiadczywszy spotkania z Panem w czasie niedawnych przecie\u017c jeszcze \u015awi\u0105t Narodzenia Pa\u0144skiego,&nbsp;<b>nie poprzestali tylko na wzruszeniach, wspomnieniach,<\/b>pi\u0119knych zdj\u0119ciach z rodzinnych spotka\u0144; prezentach, kt\u00f3re ju\u017c chyba zd\u0105\u017cy\u0142y si\u0119 znudzi\u0107 i znalaz\u0142y swoje miejsce na odpowiedniej p\u00f3\u0142ce w szafie; aby\u015bmy nie poprzestali tylko na choince i wci\u0105\u017c jeszcze pe\u0142nej lod\u00f3wce po \u015bwi\u0105tecznych przyj\u0119ciach, ale aby\u015bmy&nbsp;<b>przekszta\u0142cali ten niezwyk\u0142y, tajemniczy, ponadczasowy, absolutnie nieuchwytny ludzkimi kategoriami fakt Narodzenia Pa\u0144skiego \u2013 w konkret naszego \u017cycia i naszej postawy.<\/b><\/div>\n<div class=\"MsoNormal\" style=\"font-family: 'Times New Roman'; font-size: 14px; margin-bottom: 0px; margin-left: 0px; margin-right: 0px; margin-top: 0.4em; text-align: justify; text-indent: 35.4pt;\">Aby\u015bmy wracaj\u0105c jutro do naszych obowi\u0105zk\u00f3w w pracy i szkole \u2013 wracali nieco inni, ni\u017c byli\u015bmy przed \u015awi\u0119tami. Aby po naszym zachowaniu, naszych s\u0142owach, naszym odniesieniu jeden do drugiego&nbsp;<b>by\u0142o wida\u0107, \u017ce co\u015b prze\u017cyli\u015bmy, \u017ce czego\u015b do\u015bwiadczyli\u015bmy, \u017ce co\u015b niezwyk\u0142ego sta\u0142o si\u0119 naszym udzia\u0142em!<\/b>&nbsp;\u017be kogo\u015b niezwyk\u0142ego spotkali\u015bmy! Kogo?<\/div>\n<div class=\"MsoNormal\" style=\"font-family: 'Times New Roman'; font-size: 14px; margin-bottom: 0px; margin-left: 0px; margin-right: 0px; margin-top: 0.4em; text-align: justify; text-indent: 35.4pt;\">Jezusa Chrystusa, kt\u00f3ry dla nas si\u0119 narodzi\u0142, dla nas przyszed\u0142 na \u015bwiat, dla nas zechcia\u0142 zni\u017cy\u0107 sw\u00f3j majestat, aby wyj\u015b\u0107 naprzeciw cz\u0142owieka i jego biedy, jego grzeszno\u015bci. Kochani, zr\u00f3bmy, co tylko w naszej mocy,&nbsp;<b>aby te wspania\u0142e prze\u017cycia \u015bwi\u0105teczne nie przebrzmia\u0142y wraz z ostatnimi akordami kol\u0119d,<\/b>&nbsp;ale aby w nas trwa\u0142y i wyra\u017ca\u0142y si\u0119 w naszej chrze\u015bcija\u0144skiej postawie!&nbsp;<b>W konkretnej chrze\u015bcija\u0144skiej postawie!<\/b><\/div>\n<div class=\"MsoNormal\" style=\"font-family: 'Times New Roman'; font-size: 14px; margin-bottom: 0px; margin-left: 0px; margin-right: 0px; margin-top: 0.4em; text-align: justify; text-indent: 35.4pt;\">Niech S\u0142owo Bo\u017ce staje si\u0119 cia\u0142em \u2013 w naszych s\u0142owach i w naszych czynach! To naprawd\u0119 jest mo\u017cliwe! To wr\u0119cz jest konieczne. Zw\u0142aszcza w obecnej dobie, w dzisiejszym \u015bwiecie, kiedy dla wielu&nbsp;<b>Bo\u017ce Narodzenie to tylko taka tkliwa tradycja, taka pi\u0119kna ba\u015b\u0144 \u201etysi\u0105ca i jednej nocy\u201d,<\/b>&nbsp;a Bo\u017cy Syn, narodzony w Betlejem \u2013 to takie&nbsp;<b>\u201es\u0142odkie dzieci\u0105tko\u201d, milutkie i cieplutkie,<\/b>&nbsp;taki \u201efajny bobasek\u201d, kt\u00f3ry macha r\u0105czkami ku uciesze swoich rodzic\u00f3w, a wok\u00f3\u0142 niego sympatyczne zwierz\u0105tka \u2013 i w og\u00f3le ca\u0142a ta scena, to taka mi\u0142a szopka, na kt\u00f3r\u0105 mo\u017cna popatrze\u0107, powspomina\u0107 dawne, dzieci\u0119ce lata, wzruszy\u0107 si\u0119 przy tym, nawet \u0142ezk\u0119 uroni\u0107\u2026<\/div>\n<div class=\"MsoNormal\" style=\"font-family: 'Times New Roman'; font-size: 14px; margin-bottom: 0px; margin-left: 0px; margin-right: 0px; margin-top: 0.4em; text-align: justify; text-indent: 35.4pt;\"><b>O, tak! &#8211; takiego \u201eJezuska\u201d to ka\u017cdy jest w stanie zaakceptowa\u0107 i pokocha\u0107,<\/b>&nbsp;tak\u0105 szopk\u0119 to ka\u017cdy mo\u017ce sobie w domu ustawi\u0107, do takiej szopki ka\u017cdy mo\u017ce przyj\u015b\u0107 i popatrze\u0107, dzieciom pokaza\u0107\u2026 Bo to takie przyjemne, s\u0142odkie, tkliwe\u2026&nbsp;<b>Tyle tylko, \u017ce nieprawdziwe!&nbsp;<\/b>Bo narodzony dla nas w Betlejem Jezus Chrystus \u2013 to nie s\u0142odki \u201ebobasek\u201d, to nie cukierkowata figurka, to nie malutkie dzieci\u0105teczko \u2013 przedmiot pieszczot i zabaw,&nbsp;<b>ale prawdziwy B\u00f3g Cz\u0142owiek, odwieczne S\u0142owo Ojca, Zbawiciel \u015bwiata,<\/b>&nbsp;kt\u00f3ry w konkretnym czasie i miejscu wszed\u0142 w konkretn\u0105 histori\u0119 cz\u0142owieka&nbsp;<b>i kt\u00f3ry domaga si\u0119 konkretnej postawy, konkretnej przemiany \u017cycia i dostosowania \u017cycia ka\u017cdego z ludzi do faktu Jego Narodzenia!<\/b><\/div>\n<div class=\"MsoNormal\" style=\"font-family: 'Times New Roman'; font-size: 14px; margin-bottom: 0px; margin-left: 0px; margin-right: 0px; margin-top: 0.4em; text-align: justify; text-indent: 35.4pt;\">Kochani, my to musimy naprawd\u0119 zrozumie\u0107, my to musimy przyj\u0105\u0107 do wiadomo\u015bci. My musimy zrobi\u0107, co w naszej mocy, aby&nbsp;<b>te \u015awi\u0119ta nie by\u0142y okryte tak\u0105 pow\u0142ok\u0105 bana\u0142u i zdziecinnienia,<\/b>&nbsp;aby fakt, \u017ce Jezus przyszed\u0142 jako Dziecko&nbsp;<b>nie by\u0142 dla nikogo z nas powodem do traktowania Go w spos\u00f3b infantylny!<\/b>&nbsp;Wr\u0119cz przeciwnie \u2013 to my w\u0142a\u015bnie swoj\u0105 postaw\u0105 mamy pokaza\u0107, \u017ce w tej ma\u0142ej Dziecinie, p\u0142acz\u0105ce w Betlejemskiej Grocie&nbsp;<b>naprawd\u0119 dostrzegli\u015bmy Jezusa Chrystusa, Boga \u2013 Cz\u0142owieka, naszego Zbawiciela i \u017ce to Jego przyj\u015bcie naprawd\u0119 b\u0119dzie mia\u0142o wp\u0142yw na nasz\u0105 postaw\u0119 ju\u017c od dzisiaj, ju\u017c od teraz.<\/b><\/div>\n<div class=\"MsoNormal\" style=\"font-family: 'Times New Roman'; font-size: 14px; margin-bottom: 0px; margin-left: 0px; margin-right: 0px; margin-top: 0.4em; text-align: justify; text-indent: 35.4pt;\">I \u017ce moja postawa chrze\u015bcija\u0144ska oka\u017ce si\u0119 jeszcze jednym ze sposob\u00f3w pokazania ca\u0142emu \u015bwiatu, \u017ce&nbsp;<b>Jezus naprawd\u0119 si\u0119 narodzi\u0142, naprawd\u0119 przyszed\u0142, naprawd\u0119 \u017cyje i naprawd\u0119 dzia\u0142a!<\/b>&nbsp;W\u0142a\u015bnie w moim \u017cyciu \u2013 i w moim dzia\u0142aniu.<\/div>\n<div class=\"MsoNormal\" style=\"font-family: 'Times New Roman'; font-size: 14px; margin-bottom: 0px; margin-left: 0px; margin-right: 0px; margin-top: 0.4em; text-align: justify; text-indent: 35.4pt;\">W tym kontek\u015bcie postawmy sobie pytania:<\/div>\n<ul style=\"font-family: 'Times New Roman'; font-size: 14px; margin-top: 0cm;\" type=\"disc\">\n<li class=\"MsoNormal\" style=\"text-align: justify;\">Ile duchowych tre\u015bci pozosta\u0142o we mnie po tych \u015awi\u0119tach?<\/li>\n<li class=\"MsoNormal\" style=\"text-align: justify;\">Co po tych \u015awi\u0119tach, w nowym roku, chcia\u0142bym w swoim \u017cyciu konkretnie i wyra\u017anie zmieni\u0107?<\/li>\n<li class=\"MsoNormal\" style=\"text-align: justify;\">Na ile stara\u0142em si\u0119 o budowanie religijnej atmosfery \u015awi\u0105t w swojej rodzinie?<\/li>\n<\/ul>\n<div class=\"MsoNormal\" style=\"font-family: 'Times New Roman'; font-size: 14px; margin-bottom: 0px; margin-left: 0px; margin-right: 0px; margin-top: 0.4em; text-align: justify; text-indent: 35.4pt;\"><b><i>W Nim wybra\u0142 nas przed za\u0142o\u017ceniem \u015bwiata, aby\u015bmy byli \u015bwieci i nieskalani przed Jego obliczem<\/i><\/b><b>!<\/b><\/div>\n<div><b><br \/>\n<\/b><\/div>\n","protected":false},"excerpt":{"rendered":"<p>W\u0142a\u015bnie do refleksji nad tym chcia\u0142bym dzisiaj zach\u0119ci\u0107, przepraszaj\u0105c za op\u00f3\u017anienie tych, kt\u00f3rzy ju\u017c zajrzeli na bloga, ale dopiero wr\u00f3ci\u0142em z Parafii \u015awi\u0119tego W\u0142odzimierza na warszawskim Br\u00f3dnie, gdzie g\u0142osi\u0142em S\u0142owo Bo\u017ce i zbiera\u0142em ofiary na doko\u0144czenie budowy Sanktuarium Ojca Pio. Dlatego czym pr\u0119dzej wysy\u0142am dzisiejsze rozwa\u017canie, zapraszaj\u0105c do refleksji. A na 19.00 zapraszam na spotkanie [&hellip;]<\/p>\n","protected":false},"author":1,"featured_media":0,"comment_status":"open","ping_status":"open","sticky":false,"template":"","format":"standard","meta":{"jetpack_post_was_ever_published":false,"_jetpack_newsletter_access":"","_jetpack_dont_email_post_to_subs":false,"_jetpack_newsletter_tier_id":0,"_jetpack_memberships_contains_paywalled_content":false,"_jetpack_memberships_contains_paid_content":false,"footnotes":""},"categories":[1],"tags":[],"class_list":["post-9992","post","type-post","status-publish","format-standard","hentry","category-bez-kategorii"],"yoast_head":"<!-- This site is optimized with the Yoast SEO plugin v25.1 - https:\/\/yoast.com\/wordpress\/plugins\/seo\/ -->\n<title>Prze\u0142\u00f3\u017cmy \u015awi\u0119ta - na \u017cycie! - Gaudium Et Spes<\/title>\n<meta name=\"robots\" content=\"index, follow, max-snippet:-1, max-image-preview:large, max-video-preview:-1\" \/>\n<link rel=\"canonical\" href=\"https:\/\/gaudiumetspes-blog.pl\/index.php\/2011\/01\/03\/przeozmy-swieta-na-zycie\/\" \/>\n<meta property=\"og:locale\" content=\"pl_PL\" \/>\n<meta property=\"og:type\" content=\"article\" \/>\n<meta property=\"og:title\" content=\"Prze\u0142\u00f3\u017cmy \u015awi\u0119ta - na \u017cycie! - Gaudium Et Spes\" \/>\n<meta property=\"og:description\" content=\"W\u0142a\u015bnie do refleksji nad tym chcia\u0142bym dzisiaj zach\u0119ci\u0107, przepraszaj\u0105c za op\u00f3\u017anienie tych, kt\u00f3rzy ju\u017c zajrzeli na bloga, ale dopiero wr\u00f3ci\u0142em z Parafii \u015awi\u0119tego W\u0142odzimierza na warszawskim Br\u00f3dnie, gdzie g\u0142osi\u0142em S\u0142owo Bo\u017ce i zbiera\u0142em ofiary na doko\u0144czenie budowy Sanktuarium Ojca Pio. Dlatego czym pr\u0119dzej wysy\u0142am dzisiejsze rozwa\u017canie, zapraszaj\u0105c do refleksji. A na 19.00 zapraszam na spotkanie [&hellip;]\" \/>\n<meta property=\"og:url\" content=\"https:\/\/gaudiumetspes-blog.pl\/index.php\/2011\/01\/03\/przeozmy-swieta-na-zycie\/\" \/>\n<meta property=\"og:site_name\" content=\"Gaudium Et Spes\" \/>\n<meta property=\"article:published_time\" content=\"2011-01-03T01:35:00+00:00\" \/>\n<meta property=\"article:modified_time\" content=\"2019-07-31T10:51:58+00:00\" \/>\n<meta name=\"author\" content=\"Ks. Jacek\" \/>\n<meta name=\"twitter:card\" content=\"summary_large_image\" \/>\n<meta name=\"twitter:label1\" content=\"Napisane przez\" \/>\n\t<meta name=\"twitter:data1\" content=\"Ks. Jacek\" \/>\n\t<meta name=\"twitter:label2\" content=\"Szacowany czas czytania\" \/>\n\t<meta name=\"twitter:data2\" content=\"9 minut\" \/>\n<script type=\"application\/ld+json\" class=\"yoast-schema-graph\">{\"@context\":\"https:\/\/schema.org\",\"@graph\":[{\"@type\":\"WebPage\",\"@id\":\"https:\/\/gaudiumetspes-blog.pl\/index.php\/2011\/01\/03\/przeozmy-swieta-na-zycie\/\",\"url\":\"https:\/\/gaudiumetspes-blog.pl\/index.php\/2011\/01\/03\/przeozmy-swieta-na-zycie\/\",\"name\":\"Prze\u0142\u00f3\u017cmy \u015awi\u0119ta - na \u017cycie! - Gaudium Et Spes\",\"isPartOf\":{\"@id\":\"https:\/\/gaudiumetspes-blog.pl\/#website\"},\"datePublished\":\"2011-01-03T01:35:00+00:00\",\"dateModified\":\"2019-07-31T10:51:58+00:00\",\"author\":{\"@id\":\"https:\/\/gaudiumetspes-blog.pl\/#\/schema\/person\/1661982992b752dea8dff0d4ed845a65\"},\"breadcrumb\":{\"@id\":\"https:\/\/gaudiumetspes-blog.pl\/index.php\/2011\/01\/03\/przeozmy-swieta-na-zycie\/#breadcrumb\"},\"inLanguage\":\"pl-PL\",\"potentialAction\":[{\"@type\":\"ReadAction\",\"target\":[\"https:\/\/gaudiumetspes-blog.pl\/index.php\/2011\/01\/03\/przeozmy-swieta-na-zycie\/\"]}]},{\"@type\":\"BreadcrumbList\",\"@id\":\"https:\/\/gaudiumetspes-blog.pl\/index.php\/2011\/01\/03\/przeozmy-swieta-na-zycie\/#breadcrumb\",\"itemListElement\":[{\"@type\":\"ListItem\",\"position\":1,\"name\":\"Strona g\u0142\u00f3wna\",\"item\":\"https:\/\/gaudiumetspes-blog.pl\/\"},{\"@type\":\"ListItem\",\"position\":2,\"name\":\"Prze\u0142\u00f3\u017cmy \u015awi\u0119ta &#8211; na&nbsp;\u017cycie!\"}]},{\"@type\":\"WebSite\",\"@id\":\"https:\/\/gaudiumetspes-blog.pl\/#website\",\"url\":\"https:\/\/gaudiumetspes-blog.pl\/\",\"name\":\"Gaudium Et Spes\",\"description\":\"Blog Ks. Jacka Ja\u015bkowskiego\",\"potentialAction\":[{\"@type\":\"SearchAction\",\"target\":{\"@type\":\"EntryPoint\",\"urlTemplate\":\"https:\/\/gaudiumetspes-blog.pl\/?s={search_term_string}\"},\"query-input\":{\"@type\":\"PropertyValueSpecification\",\"valueRequired\":true,\"valueName\":\"search_term_string\"}}],\"inLanguage\":\"pl-PL\"},{\"@type\":\"Person\",\"@id\":\"https:\/\/gaudiumetspes-blog.pl\/#\/schema\/person\/1661982992b752dea8dff0d4ed845a65\",\"name\":\"Ks. Jacek\",\"image\":{\"@type\":\"ImageObject\",\"inLanguage\":\"pl-PL\",\"@id\":\"https:\/\/gaudiumetspes-blog.pl\/#\/schema\/person\/image\/\",\"url\":\"https:\/\/gaudiumetspes-blog.pl\/wp-content\/uploads\/2019\/07\/avatar-JJ-150x150.jpg\",\"contentUrl\":\"https:\/\/gaudiumetspes-blog.pl\/wp-content\/uploads\/2019\/07\/avatar-JJ-150x150.jpg\",\"caption\":\"Ks. Jacek\"},\"description\":\"Witam serdecznie! K\u0142ania si\u0119 Ks. Jacek Ja\u015bkowski. Nie jestem ani kim\u015b wa\u017cnym, ani kim\u015b znanym. Jestem ksi\u0119dzem, kt\u00f3ry po prostu chce rozmawia\u0107. Codzienna kap\u0142a\u0144ska pos\u0142uga pokazuje mi, \u017ce temat\u00f3w do rozm\u00f3w z ksi\u0119dzem jest coraz wi\u0119cej i dzisiaj \u017caden ksi\u0105dz nie mo\u017ce od nich ucieka\u0107, ale - wprost przeciwnie - podejmowa\u0107 nowe wyzwania. To przekonanie sk\u0142oni\u0142o mnie do pr\u00f3by otwarcia tego\u017c bloga, chocia\u017c okazji do rozm\u00f3w na co dzie\u0144 - w konfesjonale i poza nim - na szcz\u0119\u015bcie nie brakuje. My\u015bl\u0119 jednak, \u017ce ten blog b\u0119dzie jeszcze jednym sposobem i przestrzeni\u0105 nawi\u0105zania kontaktu z lud\u017ami dobrej woli, otwartymi na dialog.\",\"url\":\"https:\/\/gaudiumetspes-blog.pl\/index.php\/author\/ks-jacek\/\"}]}<\/script>\n<!-- \/ Yoast SEO plugin. -->","yoast_head_json":{"title":"Prze\u0142\u00f3\u017cmy \u015awi\u0119ta - na \u017cycie! - Gaudium Et Spes","robots":{"index":"index","follow":"follow","max-snippet":"max-snippet:-1","max-image-preview":"max-image-preview:large","max-video-preview":"max-video-preview:-1"},"canonical":"https:\/\/gaudiumetspes-blog.pl\/index.php\/2011\/01\/03\/przeozmy-swieta-na-zycie\/","og_locale":"pl_PL","og_type":"article","og_title":"Prze\u0142\u00f3\u017cmy \u015awi\u0119ta - na \u017cycie! - Gaudium Et Spes","og_description":"W\u0142a\u015bnie do refleksji nad tym chcia\u0142bym dzisiaj zach\u0119ci\u0107, przepraszaj\u0105c za op\u00f3\u017anienie tych, kt\u00f3rzy ju\u017c zajrzeli na bloga, ale dopiero wr\u00f3ci\u0142em z Parafii \u015awi\u0119tego W\u0142odzimierza na warszawskim Br\u00f3dnie, gdzie g\u0142osi\u0142em S\u0142owo Bo\u017ce i zbiera\u0142em ofiary na doko\u0144czenie budowy Sanktuarium Ojca Pio. Dlatego czym pr\u0119dzej wysy\u0142am dzisiejsze rozwa\u017canie, zapraszaj\u0105c do refleksji. A na 19.00 zapraszam na spotkanie [&hellip;]","og_url":"https:\/\/gaudiumetspes-blog.pl\/index.php\/2011\/01\/03\/przeozmy-swieta-na-zycie\/","og_site_name":"Gaudium Et Spes","article_published_time":"2011-01-03T01:35:00+00:00","article_modified_time":"2019-07-31T10:51:58+00:00","author":"Ks. Jacek","twitter_card":"summary_large_image","twitter_misc":{"Napisane przez":"Ks. Jacek","Szacowany czas czytania":"9 minut"},"schema":{"@context":"https:\/\/schema.org","@graph":[{"@type":"WebPage","@id":"https:\/\/gaudiumetspes-blog.pl\/index.php\/2011\/01\/03\/przeozmy-swieta-na-zycie\/","url":"https:\/\/gaudiumetspes-blog.pl\/index.php\/2011\/01\/03\/przeozmy-swieta-na-zycie\/","name":"Prze\u0142\u00f3\u017cmy \u015awi\u0119ta - na \u017cycie! - Gaudium Et Spes","isPartOf":{"@id":"https:\/\/gaudiumetspes-blog.pl\/#website"},"datePublished":"2011-01-03T01:35:00+00:00","dateModified":"2019-07-31T10:51:58+00:00","author":{"@id":"https:\/\/gaudiumetspes-blog.pl\/#\/schema\/person\/1661982992b752dea8dff0d4ed845a65"},"breadcrumb":{"@id":"https:\/\/gaudiumetspes-blog.pl\/index.php\/2011\/01\/03\/przeozmy-swieta-na-zycie\/#breadcrumb"},"inLanguage":"pl-PL","potentialAction":[{"@type":"ReadAction","target":["https:\/\/gaudiumetspes-blog.pl\/index.php\/2011\/01\/03\/przeozmy-swieta-na-zycie\/"]}]},{"@type":"BreadcrumbList","@id":"https:\/\/gaudiumetspes-blog.pl\/index.php\/2011\/01\/03\/przeozmy-swieta-na-zycie\/#breadcrumb","itemListElement":[{"@type":"ListItem","position":1,"name":"Strona g\u0142\u00f3wna","item":"https:\/\/gaudiumetspes-blog.pl\/"},{"@type":"ListItem","position":2,"name":"Prze\u0142\u00f3\u017cmy \u015awi\u0119ta &#8211; na&nbsp;\u017cycie!"}]},{"@type":"WebSite","@id":"https:\/\/gaudiumetspes-blog.pl\/#website","url":"https:\/\/gaudiumetspes-blog.pl\/","name":"Gaudium Et Spes","description":"Blog Ks. Jacka Ja\u015bkowskiego","potentialAction":[{"@type":"SearchAction","target":{"@type":"EntryPoint","urlTemplate":"https:\/\/gaudiumetspes-blog.pl\/?s={search_term_string}"},"query-input":{"@type":"PropertyValueSpecification","valueRequired":true,"valueName":"search_term_string"}}],"inLanguage":"pl-PL"},{"@type":"Person","@id":"https:\/\/gaudiumetspes-blog.pl\/#\/schema\/person\/1661982992b752dea8dff0d4ed845a65","name":"Ks. Jacek","image":{"@type":"ImageObject","inLanguage":"pl-PL","@id":"https:\/\/gaudiumetspes-blog.pl\/#\/schema\/person\/image\/","url":"https:\/\/gaudiumetspes-blog.pl\/wp-content\/uploads\/2019\/07\/avatar-JJ-150x150.jpg","contentUrl":"https:\/\/gaudiumetspes-blog.pl\/wp-content\/uploads\/2019\/07\/avatar-JJ-150x150.jpg","caption":"Ks. Jacek"},"description":"Witam serdecznie! K\u0142ania si\u0119 Ks. Jacek Ja\u015bkowski. Nie jestem ani kim\u015b wa\u017cnym, ani kim\u015b znanym. Jestem ksi\u0119dzem, kt\u00f3ry po prostu chce rozmawia\u0107. Codzienna kap\u0142a\u0144ska pos\u0142uga pokazuje mi, \u017ce temat\u00f3w do rozm\u00f3w z ksi\u0119dzem jest coraz wi\u0119cej i dzisiaj \u017caden ksi\u0105dz nie mo\u017ce od nich ucieka\u0107, ale - wprost przeciwnie - podejmowa\u0107 nowe wyzwania. To przekonanie sk\u0142oni\u0142o mnie do pr\u00f3by otwarcia tego\u017c bloga, chocia\u017c okazji do rozm\u00f3w na co dzie\u0144 - w konfesjonale i poza nim - na szcz\u0119\u015bcie nie brakuje. My\u015bl\u0119 jednak, \u017ce ten blog b\u0119dzie jeszcze jednym sposobem i przestrzeni\u0105 nawi\u0105zania kontaktu z lud\u017ami dobrej woli, otwartymi na dialog.","url":"https:\/\/gaudiumetspes-blog.pl\/index.php\/author\/ks-jacek\/"}]}},"jetpack_featured_media_url":"","jetpack_sharing_enabled":true,"_links":{"self":[{"href":"https:\/\/gaudiumetspes-blog.pl\/index.php\/wp-json\/wp\/v2\/posts\/9992","targetHints":{"allow":["GET"]}}],"collection":[{"href":"https:\/\/gaudiumetspes-blog.pl\/index.php\/wp-json\/wp\/v2\/posts"}],"about":[{"href":"https:\/\/gaudiumetspes-blog.pl\/index.php\/wp-json\/wp\/v2\/types\/post"}],"author":[{"embeddable":true,"href":"https:\/\/gaudiumetspes-blog.pl\/index.php\/wp-json\/wp\/v2\/users\/1"}],"replies":[{"embeddable":true,"href":"https:\/\/gaudiumetspes-blog.pl\/index.php\/wp-json\/wp\/v2\/comments?post=9992"}],"version-history":[{"count":1,"href":"https:\/\/gaudiumetspes-blog.pl\/index.php\/wp-json\/wp\/v2\/posts\/9992\/revisions"}],"predecessor-version":[{"id":10091,"href":"https:\/\/gaudiumetspes-blog.pl\/index.php\/wp-json\/wp\/v2\/posts\/9992\/revisions\/10091"}],"wp:attachment":[{"href":"https:\/\/gaudiumetspes-blog.pl\/index.php\/wp-json\/wp\/v2\/media?parent=9992"}],"wp:term":[{"taxonomy":"category","embeddable":true,"href":"https:\/\/gaudiumetspes-blog.pl\/index.php\/wp-json\/wp\/v2\/categories?post=9992"},{"taxonomy":"post_tag","embeddable":true,"href":"https:\/\/gaudiumetspes-blog.pl\/index.php\/wp-json\/wp\/v2\/tags?post=9992"}],"curies":[{"name":"wp","href":"https:\/\/api.w.org\/{rel}","templated":true}]}}