{"id":9993,"date":"2011-01-02T02:34:00","date_gmt":"2011-01-02T01:34:00","guid":{"rendered":"https:\/\/gaudiumetspes-blog.pl\/index.php\/2011\/01\/02\/rozpoczynamy-nowy-rok-w-imie-panskie\/"},"modified":"2019-07-31T12:51:58","modified_gmt":"2019-07-31T10:51:58","slug":"rozpoczynamy-nowy-rok-w-imie-panskie","status":"publish","type":"post","link":"https:\/\/gaudiumetspes-blog.pl\/index.php\/2011\/01\/02\/rozpoczynamy-nowy-rok-w-imie-panskie\/","title":{"rendered":"Rozpoczynamy nowy rok &#8211; w imi\u0119 Pa\u0144skie!"},"content":{"rendered":"<p>Z RADO\u015aCI\u0104 I NADZIEJ\u0104 WITAM U POCZ\u0104TKU ROKU PA\u0143SKIEGO 2011. \u017byczenia, jakie chc\u0119 Wam z\u0142o\u017cy\u0107, zapisa\u0142em w rozwa\u017caniu. W tym miejscu pragn\u0119 Wam wszystkim przes\u0142a\u0107 na ca\u0142y nowy rok moje z serca p\u0142yn\u0105ce kap\u0142a\u0144skie b\u0142ogos\u0142awie\u0144stwo: NIECH WAS B\u0141OGOS\u0141AWI B\u00d3G WSZECHMOG\u0104CY: OJCIEC I SYN, I DUCH \u015aWI\u0118TY. AMEN&nbsp;<br style=\"font-family: 'Times New Roman';\" \/>&nbsp;&nbsp;&nbsp;&nbsp;&nbsp;&nbsp;&nbsp;&nbsp;&nbsp;&nbsp;&nbsp;&nbsp;&nbsp;&nbsp; Gaudium et spes! Ks. Jacek&nbsp;<\/p>\n<div class=\"MsoNormal\" style=\"font-family: 'Times New Roman'; font-size: 14px; margin-bottom: 0px; margin-left: 0px; margin-right: 0px; margin-top: 0.4em; text-align: justify;\"><b>Uroczysto\u015b\u0107 \u015awi\u0119tej Bo\u017cej Rodzicielki Maryi,<\/b><\/div>\n<div class=\"MsoNormal\" style=\"font-family: 'Times New Roman'; font-size: 14px; margin-bottom: 0px; margin-left: 0px; margin-right: 0px; margin-top: 0.4em; text-align: justify;\"><b>do czyta\u0144:&nbsp;&nbsp;Lb 6,22\u201327;&nbsp;Ga 4,4\u20137;&nbsp;&nbsp;\u0141k 2,16\u201321<\/b><\/div>\n<div class=\"MsoNormal\" style=\"font-family: 'Times New Roman'; font-size: 14px; margin-bottom: 0px; margin-left: 0px; margin-right: 0px; margin-top: 0.4em; text-align: justify;\">\n<\/div>\n<div class=\"MsoNormal\" style=\"font-family: 'Times New Roman'; font-size: 14px; margin-bottom: 0px; margin-left: 0px; margin-right: 0px; margin-top: 0.4em; text-align: justify; text-indent: 35.4pt;\">Wiele tre\u015bci przychodzi nam dzisiaj rozwa\u017ca\u0107, w pierwszym dniu nowego roku. Jest to bowiem dzie\u0144&nbsp;<b>zako\u0144czenia Oktawy Uroczysto\u015bci Narodzenia Pa\u0144skiego,<\/b>&nbsp;a wi\u0119c owych o\u015bmiu dni, na kt\u00f3re przed\u0142u\u017ca si\u0119 \u015bwi\u0105teczna rado\u015b\u0107 dw\u00f3ch najwi\u0119kszych chrze\u015bcija\u0144skich Uroczysto\u015bci: Bo\u017cego Narodzenia i Zmartwychwstania. I w\u0142a\u015bnie Oktawa tej pierwszej Uroczysto\u015bci dzisiaj si\u0119 ko\u0144czy. Jest to r\u00f3wnie\u017c dzie\u0144, w kt\u00f3rym wspominamy&nbsp;<b>uroczyste nadanie Dzieci\u0119ciu imienia,<\/b>&nbsp;<i>kt\u00f3rym Je nazwa\u0142 Anio\u0142, zanim si\u0119 pocz\u0119\u0142o w \u0142onie Matki<\/i>&nbsp;\u2013 jak o tym m\u00f3wi Ewangelia.<\/div>\n<div class=\"MsoNormal\" style=\"font-family: 'Times New Roman'; font-size: 14px; margin-bottom: 0px; margin-left: 0px; margin-right: 0px; margin-top: 0.4em; text-align: justify; text-indent: 35.4pt;\">W Ko\u015bciele prze\u017cywamy ten dzie\u0144 jako&nbsp;<b>Uroczysto\u015b\u0107 \u015awi\u0119tej Bo\u017cej Rodzicielki Maryi.&nbsp;<\/b>Jest to najstarsze Maryjne \u015bwi\u0119to, podkre\u015blaj\u0105ce wag\u0119 Jej macierzy\u0144stwa. Jakkolwiek&nbsp;<b>ju\u017c w VII wieku w Ko\u015bciele Zachodnim zacz\u0119to obchodzi\u0107 to wspomnienie<\/b>&nbsp;i to w dniu 1 stycznia, to jednak do liturgii Ko\u015bcio\u0142a wprowadzi\u0142 je na sta\u0142e&nbsp;<b>Papie\u017c Pius XI w roku 1931<\/b>&nbsp;\u2013 z okazji tysi\u0105cpie\u0107setnej rocznicy soboru w Efezie. Sob\u00f3r ten mia\u0142 miejsce&nbsp;<b>w roku 431, a w jego trakcie odrzucono b\u0142\u0119dn\u0105 teori\u0119 patriarchy Konstantynopola Nestoriusza,<\/b>&nbsp;nauczaj\u0105cego, \u017ce Maryja jest \u2013 owszem \u2013 Matk\u0105 Jezusa, ale tylko jako Cz\u0142owieka, nie za\u015b Boga.<\/div>\n<div class=\"MsoNormal\" style=\"font-family: 'Times New Roman'; font-size: 14px; margin-bottom: 0px; margin-left: 0px; margin-right: 0px; margin-top: 0.4em; text-align: justify; text-indent: 35.4pt;\">Sob\u00f3r Efeski orzek\u0142 na podstawie Pisma \u015awi\u0119tego,&nbsp;<b>\u017ce Maryja jest Matk\u0105 Boga \u2013 Cz\u0142owieka, jest \u015awi\u0119t\u0105 Bo\u017c\u0105 Rodzicielk\u0105.<\/b>&nbsp;I w\u0142a\u015bnie w rocznic\u0119 tego wydarzenia Pius XI og\u0142osi\u0142 odpowiednie \u015awi\u0119to, chocia\u017c pocz\u0105tkowo wyznaczy\u0142 jego dat\u0119 na 11 pa\u017adziernika. Reforma liturgiczna w roku 1969 podnios\u0142a je&nbsp;<b>do rangi uroczysto\u015bci nakazanych i przenios\u0142a z powrotem na 1 stycznia.&nbsp;<\/b>Wybrano bardzo stosowny, nie przypadkowy dzie\u0144 \u2013 w\u0142a\u015bnie dzie\u0144 zako\u0144czenia Oktawy Bo\u017cego Narodzenia, aby&nbsp;<b>po wy\u015bpiewaniu hymn\u00f3w dzi\u0119kczynnych Wcielonemu S\u0142owu, z\u0142o\u017cy\u0107 odpowiedni ho\u0142d Jego Matce, \u015awi\u0119tej Bo\u017cej Rodzicielce.<\/b>&nbsp;W tym roku jest to dodatkowo pierwsza sobota miesi\u0105ca, co jeszcze wzmacnia \u00f3w akcent Maryjny.<\/div>\n<div class=\"MsoNormal\" style=\"font-family: 'Times New Roman'; font-size: 14px; margin-bottom: 0px; margin-left: 0px; margin-right: 0px; margin-top: 0.4em; text-align: justify; text-indent: 35.4pt;\">I wreszcie \u2013 prze\u017cywamy dzi\u015b&nbsp;<b>\u015awiatowy Dzie\u0144 Pokoju,<\/b>&nbsp;a tak\u017ce<b>pierwszy dzie\u0144 nowego roku kalendarzowego.&nbsp;<\/b>Mamy zatem wiele temat\u00f3w do refleksji i do modlitwy, wiele powod\u00f3w do tego, aby bezgranicznie dzi\u0119kowa\u0107 Bogu za to, \u017ce&nbsp;<i>gdy nadesz\u0142a&nbsp;<b>pe\u0142nia czasu,<\/b><\/i>&nbsp;[\u2026]<i>zes\u0142a\u0142 swojego Syna, zrodzonego z Niewiasty, zrodzonego pod Prawem, aby wykupi\u0142 tych, kt\u00f3rzy podlegali Prawu,&nbsp;<b>aby\u015bmy mogli otrzyma\u0107 przybrane synostwo&nbsp;<\/b><\/i>\u2013 jak to bardzo lapidarnie, ale trafnie uj\u0105\u0142 Pawe\u0142 Aposto\u0142 w drugim czytaniu z Listu do Galat\u00f3w.<\/div>\n<div class=\"MsoNormal\" style=\"font-family: 'Times New Roman'; font-size: 14px; margin-bottom: 0px; margin-left: 0px; margin-right: 0px; margin-top: 0.4em; text-align: justify; text-indent: 35.4pt;\">Oto bowiem Prawo Moj\u017ceszowe by\u0142o potrzebne, ale do czasu \u2013<b>w\u0142a\u015bnie do tego czasu, kiedy pojawi si\u0119 Mesjasz.<\/b>&nbsp;Kiedy On ju\u017c przyszed\u0142, wype\u0142ni\u0142y si\u0119 zapowiedzi Prawa i Prawo to nie jest ju\u017c potrzebne. Nadesz\u0142a bowiem&nbsp;<b><i>pe\u0142nia czasu<\/i><\/b>&nbsp;i nowe prawo \u2013&nbsp;<b>prawo mi\u0142o\u015bci,<\/b>kt\u00f3re przyni\u00f3s\u0142 Jezus. Nie mo\u017cna ju\u017c zatem my\u015ble\u0107 starymi kategoriami, utartymi schematami,&nbsp;<b>trzeba odwa\u017cy\u0107 si\u0119 na my\u015blenie nowe, otwarte, my\u015blenie szerokie\u2026<\/b>&nbsp;Do tego wzywa Jezus, przychodz\u0105c na \u015bwiat.&nbsp;<\/div>\n<div class=\"MsoNormal\" style=\"font-family: 'Times New Roman'; font-size: 14px; margin-bottom: 0px; margin-left: 0px; margin-right: 0px; margin-top: 0.4em; text-align: justify; text-indent: 35.4pt;\">Ludzie, kt\u00f3rzy do tej pory byli \u201euwi\u0105zani\u201d przepisami Prawa \u2013 przepisami, kt\u00f3re&nbsp;<b>wyznacza\u0142y jakie\u015b niezb\u0119dne minimum, aby utrzyma\u0107 \u201ekurs\u201d na Pana Boga,<\/b>&nbsp;zostaj\u0105 z tej swoistej niewoli Prawa wyzwoleni. I staj\u0105 si\u0119 ju\u017c&nbsp;<b>nie \u201eobiektami\u201d oddzia\u0142ywania prawnych przepis\u00f3w, ale synami umi\u0142owanymi.<\/b>&nbsp;\u015awi\u0119ty Pawe\u0142 m\u00f3wi bardzo dobitnie:&nbsp;<b><i>A zatem, nie jeste\u015b ju\u017c niewolnikiem, lecz synem<\/i>! Nie niewolnikiem \u2013 a synem.&nbsp;<\/b>Przypomnijmy sobie, Kochani, przypowie\u015b\u0107 o marnotrawnym synu, zwan\u0105 te\u017c przypowie\u015bci\u0105 o mi\u0142osiernym ojcu, aby uzmys\u0142owi\u0107 sobie&nbsp;<b>r\u00f3\u017cnic\u0119 mi\u0119dzy niewolnikiem, a synem\u2026<\/b><\/div>\n<div class=\"MsoNormal\" style=\"font-family: 'Times New Roman'; font-size: 14px; margin-bottom: 0px; margin-left: 0px; margin-right: 0px; margin-top: 0.4em; text-align: justify; text-indent: 35.4pt;\">Kiedy na \u015bwiecie pojawi\u0142 si\u0119 Jezus Chrystus, wszyscy&nbsp;<b>w Nim i przez Niego stali\u015bmy si\u0119 synami i c\u00f3rkami Boga, dzie\u0107mi Bo\u017cymi,<\/b>kt\u00f3rych nie kr\u0119puje \u2013 jak niewolnik\u00f3w \u2013 swoisty gorset, jakie\u015b p\u0119ta sztywnych przepis\u00f3w, ale kt\u00f3rych&nbsp;<b>porywa wzwy\u017c jedno prawo \u2013 wspomniane ju\u017c prawo mi\u0142o\u015bci.<\/b><\/div>\n<div class=\"MsoNormal\" style=\"font-family: 'Times New Roman'; font-size: 14px; margin-bottom: 0px; margin-left: 0px; margin-right: 0px; margin-top: 0.4em; text-align: justify; text-indent: 35.4pt;\">Kochani, to bardzo zasadnicza r\u00f3\u017cnica, jaka zachodzi mi\u0119dzy jednym, a drugim statusem cz\u0142owieka!&nbsp;<b>To my w\u0142a\u015bnie \u017cyjemy w czasie, kiedy Jezus pojawi\u0142 si\u0119 na \u015bwiecie,&nbsp;<\/b>kiedy za\u0142o\u017cy\u0142 Ko\u015bci\u00f3\u0142 i dzia\u0142a w Ko\u015bciele, to my wszyscy jeste\u015bmy wezwani&nbsp;<b>do kierowania si\u0119 w \u017cyciu prawem mi\u0142o\u015bci.&nbsp;<\/b>A zatem, owa&nbsp;<b><i>pe\u0142nia czasu<\/i><\/b>, czyli czas wype\u0142nienia si\u0119 Bo\u017cych obietnic, dotycz\u0105cych Mesjasza, jest naszym udzia\u0142em. A realizuje si\u0119 owa pe\u0142nia czasu \u2013 w tym&nbsp;<b>konkretnym czasie, jaki z Bo\u017cej \u0142askawo\u015bci jest nam dany.<\/b>&nbsp;Dzisiaj okre\u015blenie:&nbsp;<b><i>pe\u0142nia czasu<\/i><\/b>&nbsp;brzmi bardzo wyj\u0105tkowo, bo oto wchodzimy&nbsp;<b>w nowy czas, nowy rok,<\/b>&nbsp;w przestrze\u0144 zupe\u0142nie nam jeszcze nie znan\u0105\u2026&nbsp;<\/div>\n<div class=\"MsoNormal\" style=\"font-family: 'Times New Roman'; font-size: 14px; margin-bottom: 0px; margin-left: 0px; margin-right: 0px; margin-top: 0.4em; text-align: justify; text-indent: 35.4pt;\">Nie wiemy, jaki ten czas b\u0119dzie, co si\u0119 w tym czasie dokona, jak si\u0119 u\u0142o\u017c\u0105 nasze sprawy. Wiwatujemy na cze\u015b\u0107 nowego roku, chocia\u017c mo\u017cna chyba odnie\u015b\u0107 wra\u017cenie, \u017ce w wielu przypadkach \u2013 gdyby tak zapyta\u0107 owych wiwatuj\u0105cych,&nbsp;<b>dlaczego tak wrzeszcz\u0105 i wiwatuj\u0105 \u2013 pewnie nie umieliby odpowiedzie\u0107.<\/b>&nbsp;A jest to zapewne spowodowane tym, \u017ce<b>wszyscy tak robi\u0105, \u017ce taka jest tradycja, \u017ce wypada w takiej chwili odpali\u0107 petard\u0119,<\/b>&nbsp;wystrzeli\u0107 korek z szampana, wypada ha\u0142a\u015bliwie \u015bwi\u0119towa\u0107 nowy rok, bo\u2026 tak ka\u017c\u0105 w telewizji.<\/div>\n<div class=\"MsoNormal\" style=\"font-family: 'Times New Roman'; font-size: 14px; margin-bottom: 0px; margin-left: 0px; margin-right: 0px; margin-top: 0.4em; text-align: justify; text-indent: 35.4pt;\">I dobrze, niech trwa atmosfera weso\u0142o\u015bci, ale jeszcze lepiej by by\u0142o, aby by\u0142a ona&nbsp;<b>chocia\u017c troszk\u0119 pog\u0142\u0119biona.<\/b>&nbsp;Ja tu nie chc\u0119 naprawd\u0119 wprowadza\u0107 jakiej\u015b atmosfery goryczy,&nbsp;<b>nie chc\u0119 psu\u0107 dobrego nastroju tak wielu bawi\u0105cych si\u0119 os\u00f3b,<\/b>&nbsp;szukaj\u0105c przys\u0142owiowej \u201edziury w ca\u0142ym\u201d, ale nieodparcie nasuwa mi si\u0119 taka refleksja, \u017ce gdyby rodziny ofiar Dramatu Smole\u0144skiego czy ofiar powodzi&nbsp;<b>wiedzia\u0142y, co ich czeka w minionym roku \u2013 czy tak hucznie \u015bwi\u0119towa\u0142yby jego pocz\u0105tek?<\/b><\/div>\n<div class=\"MsoNormal\" style=\"font-family: 'Times New Roman'; font-size: 14px; margin-bottom: 0px; margin-left: 0px; margin-right: 0px; margin-top: 0.4em; text-align: justify; text-indent: 35.4pt;\">W\u015br\u00f3d wielu wypowiedzi podsumowuj\u0105cych miniony rok, jakie s\u0142ysza\u0142em w \u015brodkach przekazu tak wczoraj, jak i w poprzednich dniach, bardzo cz\u0119sto pada\u0142y stwierdzenia&nbsp;<b>o roku trudnym, bardzo trudnym, wr\u0119cz najtrudniejszym na przestrzeni ostatnich lat.&nbsp;<\/b>A co nas czeka w nowym? Nie wiemy!<\/div>\n<div class=\"MsoNormal\" style=\"font-family: 'Times New Roman'; font-size: 14px; margin-bottom: 0px; margin-left: 0px; margin-right: 0px; margin-top: 0.4em; text-align: justify; text-indent: 35.4pt;\">Dlatego nie wy\u0142\u0105czaj\u0105c si\u0119 z tej rado\u015bci, z jak\u0105 \u015bwiat wita ten nowy rok, my chcemy nasz\u0105 rado\u015b\u0107 i zwi\u0105zane z nim&nbsp;<b>szczere nadzieje \u2013 z\u0142o\u017cy\u0107 w Bogu!<\/b>&nbsp;Chcemy nasz\u0105 rado\u015b\u0107 i nadziej\u0119 \u2013 m\u00f3wi\u0105c obrazowo \u2013&nbsp;<b>o co\u015b oprze\u0107!<\/b>&nbsp;Nie o butelk\u0119 szampana! Lub czego\u015b innego! Bo takich, kt\u00f3rzy tylko o to opieraj\u0105 swoj\u0105 sylwestrowo \u2013 noworoczn\u0105 rado\u015b\u0107 jest i tak wielu, tyle tylko, \u017ce&nbsp;<b>jest to oparcie bardzo ma\u0142o skuteczne,<\/b>&nbsp;co zapewne wyra\u017anie wida\u0107 w czasie powrotu z imprezy, kiedy szuka si\u0119 oparcia w napotkanym po drodze drzewie lub p\u0142ocie.&nbsp;<b>A to i tak cz\u0119sto nie zdaje egzaminu,<\/b>&nbsp;bo nie do\u015b\u0107, \u017ce \u015bwiat wok\u00f3\u0142 wiruje i w g\u0142owie si\u0119 kr\u0119ci, to jeszcze chodniki \u015bliskie, co w po\u0142\u0105czeniu z tendencj\u0105 do maszerowania krokiem zamaszystym i lekko faluj\u0105cym, powoduje skutek \u0142atwy do przewidzenia. Oczywi\u015bcie, mamy tu namy\u015bli&nbsp;<b>poca\u0142unek, z\u0142o\u017cony matce ziemi \u2013 i to zapewne niejednokrotnie.<\/b>&nbsp;I tylko powr\u00f3t \u201edo pionu\u201d stanowi nie lada wyzwanie!<\/div>\n<div class=\"MsoNormal\" style=\"font-family: 'Times New Roman'; font-size: 14px; margin-bottom: 0px; margin-left: 0px; margin-right: 0px; margin-top: 0.4em; text-align: justify; text-indent: 35.4pt;\"><b>Nie takiego zatem oparcia i fundamentu dla naszej rado\u015bci i nadziei szukamy my \u2013 wierz\u0105cy!<\/b>&nbsp;A gdzie go szukamy? W czym? Chyba lepiej zapyta\u0107 \u2013 w kim? W\u0142a\u015bnie! Odpowied\u017a nasuwa si\u0119 sama. Skoro witamy ten nowy rok w dniu zako\u0144czenia Oktawy Bo\u017cego Narodzenia, to serce samo podpowiada, \u017ce&nbsp;<b>powinni\u015bmy tak dyskretnie do\u0142\u0105czy\u0107 si\u0119 do Pasterzy \u2013<\/b>&nbsp;owych prostych, dobrych ludzi i razem z nimi przyby\u0107 do \u017b\u0142\u00f3bka, aby tam, u st\u00f3p nowo narodzonego Jezusa Chrystusa&nbsp;<b>z\u0142o\u017cy\u0107 nasze nadzieje, nasze plany, tak\u017ce zapewne nasze obawy i troski.<\/b>&nbsp;I od tego\u017c \u017b\u0142\u00f3bka wyruszy\u0107 w ten nowy czas \u2013&nbsp;<b>w imi\u0119 Jezusa!<\/b>&nbsp;W\u0142a\u015bnie w to imi\u0119, kt\u00f3re dzisiaj zosta\u0142o Mu uroczy\u015bcie nadane. Chcemy wyruszy\u0107 ze \u015bwiadomo\u015bci\u0105,&nbsp;\u017ce jeste\u015bmy&nbsp;<b>otuleni p\u0142aszczem opieki Maryi,&nbsp;<\/b>\u015awi\u0119tej Bo\u017cej Rodzicielki.&nbsp;<\/div>\n<div class=\"MsoNormal\" style=\"font-family: 'Times New Roman'; font-size: 14px; margin-bottom: 0px; margin-left: 0px; margin-right: 0px; margin-top: 0.4em; text-align: justify; text-indent: 35.4pt;\">Kochani, je\u017celi b\u0119dziemy tak duchowo wyposa\u017ceni, je\u017celi&nbsp;<b>na tak solidnym fundamencie b\u0119dziemy budowali nasz\u0105 przysz\u0142o\u015b\u0107,<\/b>&nbsp;to naprawd\u0119 mo\u017cemy \u015bwi\u0119towa\u0107 spokojnie, mo\u017cemy z rado\u015bci\u0105 wita\u0107 nowy rok. Bo&nbsp;<b>z imieniem Jezusa na ustach i w sercu, pod opiek\u0105 Maryi,<\/b>nawet trudne momenty, jakie rok ten przyniesie, nie b\u0119d\u0105 stanowi\u0142y powodu do rozpaczy czy rezygnacji, ale b\u0119d\u0105 po prostu&nbsp;<b>nowymi zadaniami do podj\u0119cia i sprawami do rozwi\u0105zania.<\/b><\/div>\n<div class=\"MsoNormal\" style=\"font-family: 'Times New Roman'; font-size: 14px; margin-bottom: 0px; margin-left: 0px; margin-right: 0px; margin-top: 0.4em; text-align: justify; text-indent: 35.4pt;\">Wyruszajmy zatem, Kochani, w nowy rok&nbsp;<b>z rado\u015bci\u0105 i nadziej\u0105! W imi\u0119 Jezusa, pod opiek\u0105 Maryi<\/b>&nbsp;\u2013 tw\u00f3rzmy ten nowy czas najlepiej, jak potrafimy! Nie b\u00f3jmy si\u0119 nowych wyzwa\u0144! Nie b\u00f3jmy si\u0119 \u017cadnych trudno\u015bci!&nbsp;<b>Chrze\u015bcijanin to w ko\u0144cu cz\u0142owiek odwa\u017cny! Chrze\u015bcijanin \u2013 to cz\u0142owiek wci\u0105\u017c nowy:<\/b>&nbsp;nowy w swoim my\u015bleniu, nowy w swoim dzia\u0142aniu, nowy w kszta\u0142towaniu swoich relacji z lud\u017ami\u2026 Chrze\u015bcijanin \u2013 to cz\u0142owiek, kt\u00f3ry nie zamyka si\u0119 w ciasnych schematach raz utartego spogl\u0105dania na \u015bwiat!&nbsp;<b>Chrze\u015bcijanin \u2013 to cz\u0142owiek rado\u015bci! Chrze\u015bcijanin \u2013 to cz\u0142owiek nadziei!<\/b>&nbsp;Rado\u015bci g\u0142\u0119bokiej i nadziei opartej na Chrystusie!<\/div>\n<div class=\"MsoNormal\" style=\"font-family: 'Times New Roman'; font-size: 14px; margin-bottom: 0px; margin-left: 0px; margin-right: 0px; margin-top: 0.4em; text-align: justify; text-indent: 35.4pt;\">Id\u017amy w ten nowy czas i starajmy si\u0119&nbsp;<b>nie zmarnowa\u0107 ani minuty dla Kr\u00f3lestwa Niebieskiego!&nbsp;<\/b>Niech ten nowy rok b\u0119dzie czasem budowania w naszych sercach Jego Kr\u00f3lestwa, budowania Jego pokoju!&nbsp;<b>A im wi\u0119cej tego pokoju b\u0119dzie w pojedynczych ludzkich sercach \u2013 tym wi\u0119cej b\u0119dzie go na ca\u0142ym \u015bwiecie.<\/b><\/div>\n<div class=\"MsoNormal\" style=\"font-family: 'Times New Roman'; font-size: 14px; margin-bottom: 0px; margin-left: 0px; margin-right: 0px; margin-top: 0.4em; text-align: justify; text-indent: 35.4pt;\">Niech drog\u0105 do budowania tego\u017c pokoju w naszych sercach b\u0119dzie realizacja konkretnego postanowienia noworocznego, kt\u00f3re zapewne ju\u017c od jakiego\u015b czasu mamy na my\u015bli, a kt\u00f3re teraz wypowiemy wobec Chrystusa i Jego Matki \u2013 w ciszy naszych serc\u2026<\/div>\n<div class=\"MsoNormal\" style=\"font-family: 'Times New Roman'; font-size: 14px; margin-bottom: 0px; margin-left: 0px; margin-right: 0px; margin-top: 0.4em; text-align: justify;\">\n<\/div>\n<div class=\"MsoNormal\" style=\"font-family: 'Times New Roman'; font-size: 14px; margin-bottom: 0px; margin-left: 0px; margin-right: 0px; margin-top: 0.4em; text-align: justify; text-indent: 35.4pt;\">A ja z ca\u0142ego swego serca \u017cycz\u0119 Wam, Kochani,&nbsp;<b>aby te postanowienia uda\u0142o si\u0119 zrealizowa\u0107!&nbsp;<\/b>I aby w tym nowym roku uda\u0142o si\u0119 zrealizowa\u0107 wszystkie inne dobre zamiary, mo\u017ce ju\u017c tyle razy podejmowane\u2026 I aby uda\u0142o si\u0119 rozwi\u0105za\u0107 sprawy, kt\u00f3re na rozwi\u0105zanie czekaj\u0105\u2026 I aby uda\u0142o si\u0119 wyciszy\u0107 spory, kt\u00f3re tak bardzo nas niszcz\u0105\u2026&nbsp;<b>I aby uda\u0142o si\u0119 nam odnowi\u0107 wiar\u0119 w Boga i jedno\u015b\u0107 z Ko\u015bcio\u0142em\u2026&nbsp;<\/b>I aby uda\u0142o si\u0119 nam rozpali\u0107 na nowo odpowiedzialno\u015b\u0107 za Ojczyzn\u0119 nasz\u0105 kochan\u0105\u2026<\/div>\n<div class=\"MsoNormal\" style=\"font-family: 'Times New Roman'; font-size: 14px; margin-bottom: 0px; margin-left: 0px; margin-right: 0px; margin-top: 0.4em; text-align: justify; text-indent: 35.4pt;\">I aby uda\u0142o nam si\u0119&nbsp;<b>na nowo zjednoczy\u0107 nasze rodziny\u2026<\/b>&nbsp;I aby uda\u0142o nam si\u0119 pogodzi\u0107 z odej\u015bciem tych, kt\u00f3rzy odeszli, a kt\u00f3rych wci\u0105\u017c tak kochamy\u2026 I aby nam pracy nie zabrak\u0142o, ani chleba, ani czego\u015b do chleba\u2026 I aby nam czasu nie brakowa\u0142o dla siebie nawzajem\u2026&nbsp;<b>I aby wi\u0119cej dobrego s\u0142owa i u\u015bmiechu by\u0142o\u2026 I rado\u015bci wi\u0119cej \u2013 i nadziei\u2026<\/b><\/div>\n<div class=\"MsoNormal\" style=\"font-family: 'Times New Roman'; font-size: 14px; margin-bottom: 0px; margin-left: 0px; margin-right: 0px; margin-top: 0.4em; text-align: justify;\">&nbsp;&nbsp;&nbsp;&nbsp;&nbsp;&nbsp;&nbsp;&nbsp;&nbsp;&nbsp;&nbsp;&nbsp;Kochani, pozw\u00f3lcie, \u017ce te wszystkie \u017cyczenia zako\u0144cz\u0119 i niejako podpisz\u0119 s\u0142owami z dzisiejszego pierwszego czytania, z Ksi\u0119gi Liczb \u2013 s\u0142owami, kt\u00f3re B\u00f3g przez Moj\u017cesza powierzy\u0142 kap\u0142anom Izraela, aby nimi b\u0142ogos\u0142awili lud na zako\u0144czenie wieczornych czynno\u015bci liturgicznych. Ja dzisiaj te s\u0142owa, z gor\u0105cego serca, kieruj\u0119 do serc ka\u017cdej i ka\u017cdego z Was \u2013 indywidualnie:<\/div>\n<div class=\"MsoNormal\" style=\"font-family: 'Times New Roman'; font-size: 14px; margin-bottom: 0px; margin-left: 0px; margin-right: 0px; margin-top: 0.4em; text-align: justify; text-indent: 35.4pt;\"><b><i>Niech ci\u0119 Pan b\u0142ogos\u0142awi i strze\u017ce. Niech Pan rozpromieni oblicze swe nad tob\u0105, niech ci\u0119 obdarzy sw\u0105 \u0142ask\u0105. Niech zwr\u00f3ci ku tobie swoje oblicze i niech ci\u0119 obdarzy pokojem<\/i><\/b><b>.<\/b><\/div>\n<div class=\"MsoNormal\" style=\"font-family: 'Times New Roman'; font-size: 14px; margin-bottom: 0px; margin-left: 0px; margin-right: 0px; margin-top: 0.4em; text-align: justify; text-indent: 35.4pt;\"><b>Niech si\u0119 tak stanie! Niech si\u0119 stanie!<\/b>&nbsp;Amen<\/div>\n<div>\n<\/div>\n","protected":false},"excerpt":{"rendered":"<p>Z RADO\u015aCI\u0104 I NADZIEJ\u0104 WITAM U POCZ\u0104TKU ROKU PA\u0143SKIEGO 2011. \u017byczenia, jakie chc\u0119 Wam z\u0142o\u017cy\u0107, zapisa\u0142em w rozwa\u017caniu. W tym miejscu pragn\u0119 Wam wszystkim przes\u0142a\u0107 na ca\u0142y nowy rok moje z serca p\u0142yn\u0105ce kap\u0142a\u0144skie b\u0142ogos\u0142awie\u0144stwo: NIECH WAS B\u0141OGOS\u0141AWI B\u00d3G WSZECHMOG\u0104CY: OJCIEC I SYN, I DUCH \u015aWI\u0118TY. AMEN&nbsp;&nbsp;&nbsp;&nbsp;&nbsp;&nbsp;&nbsp;&nbsp;&nbsp;&nbsp;&nbsp;&nbsp;&nbsp;&nbsp;&nbsp; Gaudium et spes! Ks. Jacek&nbsp; Uroczysto\u015b\u0107 \u015awi\u0119tej Bo\u017cej [&hellip;]<\/p>\n","protected":false},"author":1,"featured_media":0,"comment_status":"open","ping_status":"open","sticky":false,"template":"","format":"standard","meta":{"jetpack_post_was_ever_published":false,"_jetpack_newsletter_access":"","_jetpack_dont_email_post_to_subs":false,"_jetpack_newsletter_tier_id":0,"_jetpack_memberships_contains_paywalled_content":false,"_jetpack_memberships_contains_paid_content":false,"footnotes":""},"categories":[1],"tags":[],"class_list":["post-9993","post","type-post","status-publish","format-standard","hentry","category-bez-kategorii"],"yoast_head":"<!-- This site is optimized with the Yoast SEO plugin v25.1 - https:\/\/yoast.com\/wordpress\/plugins\/seo\/ -->\n<title>Rozpoczynamy nowy rok - w imi\u0119 Pa\u0144skie! - Gaudium Et Spes<\/title>\n<meta name=\"robots\" content=\"index, follow, max-snippet:-1, max-image-preview:large, max-video-preview:-1\" \/>\n<link rel=\"canonical\" href=\"https:\/\/gaudiumetspes-blog.pl\/index.php\/2011\/01\/02\/rozpoczynamy-nowy-rok-w-imie-panskie\/\" \/>\n<meta property=\"og:locale\" content=\"pl_PL\" \/>\n<meta property=\"og:type\" content=\"article\" \/>\n<meta property=\"og:title\" content=\"Rozpoczynamy nowy rok - w imi\u0119 Pa\u0144skie! - Gaudium Et Spes\" \/>\n<meta property=\"og:description\" content=\"Z RADO\u015aCI\u0104 I NADZIEJ\u0104 WITAM U POCZ\u0104TKU ROKU PA\u0143SKIEGO 2011. \u017byczenia, jakie chc\u0119 Wam z\u0142o\u017cy\u0107, zapisa\u0142em w rozwa\u017caniu. W tym miejscu pragn\u0119 Wam wszystkim przes\u0142a\u0107 na ca\u0142y nowy rok moje z serca p\u0142yn\u0105ce kap\u0142a\u0144skie b\u0142ogos\u0142awie\u0144stwo: NIECH WAS B\u0141OGOS\u0141AWI B\u00d3G WSZECHMOG\u0104CY: OJCIEC I SYN, I DUCH \u015aWI\u0118TY. AMEN&nbsp;&nbsp;&nbsp;&nbsp;&nbsp;&nbsp;&nbsp;&nbsp;&nbsp;&nbsp;&nbsp;&nbsp;&nbsp;&nbsp;&nbsp; Gaudium et spes! Ks. Jacek&nbsp; Uroczysto\u015b\u0107 \u015awi\u0119tej Bo\u017cej [&hellip;]\" \/>\n<meta property=\"og:url\" content=\"https:\/\/gaudiumetspes-blog.pl\/index.php\/2011\/01\/02\/rozpoczynamy-nowy-rok-w-imie-panskie\/\" \/>\n<meta property=\"og:site_name\" content=\"Gaudium Et Spes\" \/>\n<meta property=\"article:published_time\" content=\"2011-01-02T01:34:00+00:00\" \/>\n<meta property=\"article:modified_time\" content=\"2019-07-31T10:51:58+00:00\" \/>\n<meta name=\"author\" content=\"Ks. Jacek\" \/>\n<meta name=\"twitter:card\" content=\"summary_large_image\" \/>\n<meta name=\"twitter:label1\" content=\"Napisane przez\" \/>\n\t<meta name=\"twitter:data1\" content=\"Ks. Jacek\" \/>\n\t<meta name=\"twitter:label2\" content=\"Szacowany czas czytania\" \/>\n\t<meta name=\"twitter:data2\" content=\"10 minut\" \/>\n<script type=\"application\/ld+json\" class=\"yoast-schema-graph\">{\"@context\":\"https:\/\/schema.org\",\"@graph\":[{\"@type\":\"WebPage\",\"@id\":\"https:\/\/gaudiumetspes-blog.pl\/index.php\/2011\/01\/02\/rozpoczynamy-nowy-rok-w-imie-panskie\/\",\"url\":\"https:\/\/gaudiumetspes-blog.pl\/index.php\/2011\/01\/02\/rozpoczynamy-nowy-rok-w-imie-panskie\/\",\"name\":\"Rozpoczynamy nowy rok - w imi\u0119 Pa\u0144skie! - Gaudium Et Spes\",\"isPartOf\":{\"@id\":\"https:\/\/gaudiumetspes-blog.pl\/#website\"},\"datePublished\":\"2011-01-02T01:34:00+00:00\",\"dateModified\":\"2019-07-31T10:51:58+00:00\",\"author\":{\"@id\":\"https:\/\/gaudiumetspes-blog.pl\/#\/schema\/person\/1661982992b752dea8dff0d4ed845a65\"},\"breadcrumb\":{\"@id\":\"https:\/\/gaudiumetspes-blog.pl\/index.php\/2011\/01\/02\/rozpoczynamy-nowy-rok-w-imie-panskie\/#breadcrumb\"},\"inLanguage\":\"pl-PL\",\"potentialAction\":[{\"@type\":\"ReadAction\",\"target\":[\"https:\/\/gaudiumetspes-blog.pl\/index.php\/2011\/01\/02\/rozpoczynamy-nowy-rok-w-imie-panskie\/\"]}]},{\"@type\":\"BreadcrumbList\",\"@id\":\"https:\/\/gaudiumetspes-blog.pl\/index.php\/2011\/01\/02\/rozpoczynamy-nowy-rok-w-imie-panskie\/#breadcrumb\",\"itemListElement\":[{\"@type\":\"ListItem\",\"position\":1,\"name\":\"Strona g\u0142\u00f3wna\",\"item\":\"https:\/\/gaudiumetspes-blog.pl\/\"},{\"@type\":\"ListItem\",\"position\":2,\"name\":\"Rozpoczynamy nowy rok &#8211; w&nbsp;imi\u0119 Pa\u0144skie!\"}]},{\"@type\":\"WebSite\",\"@id\":\"https:\/\/gaudiumetspes-blog.pl\/#website\",\"url\":\"https:\/\/gaudiumetspes-blog.pl\/\",\"name\":\"Gaudium Et Spes\",\"description\":\"Blog Ks. Jacka Ja\u015bkowskiego\",\"potentialAction\":[{\"@type\":\"SearchAction\",\"target\":{\"@type\":\"EntryPoint\",\"urlTemplate\":\"https:\/\/gaudiumetspes-blog.pl\/?s={search_term_string}\"},\"query-input\":{\"@type\":\"PropertyValueSpecification\",\"valueRequired\":true,\"valueName\":\"search_term_string\"}}],\"inLanguage\":\"pl-PL\"},{\"@type\":\"Person\",\"@id\":\"https:\/\/gaudiumetspes-blog.pl\/#\/schema\/person\/1661982992b752dea8dff0d4ed845a65\",\"name\":\"Ks. Jacek\",\"image\":{\"@type\":\"ImageObject\",\"inLanguage\":\"pl-PL\",\"@id\":\"https:\/\/gaudiumetspes-blog.pl\/#\/schema\/person\/image\/\",\"url\":\"https:\/\/gaudiumetspes-blog.pl\/wp-content\/uploads\/2019\/07\/avatar-JJ-150x150.jpg\",\"contentUrl\":\"https:\/\/gaudiumetspes-blog.pl\/wp-content\/uploads\/2019\/07\/avatar-JJ-150x150.jpg\",\"caption\":\"Ks. Jacek\"},\"description\":\"Witam serdecznie! K\u0142ania si\u0119 Ks. Jacek Ja\u015bkowski. Nie jestem ani kim\u015b wa\u017cnym, ani kim\u015b znanym. Jestem ksi\u0119dzem, kt\u00f3ry po prostu chce rozmawia\u0107. Codzienna kap\u0142a\u0144ska pos\u0142uga pokazuje mi, \u017ce temat\u00f3w do rozm\u00f3w z ksi\u0119dzem jest coraz wi\u0119cej i dzisiaj \u017caden ksi\u0105dz nie mo\u017ce od nich ucieka\u0107, ale - wprost przeciwnie - podejmowa\u0107 nowe wyzwania. To przekonanie sk\u0142oni\u0142o mnie do pr\u00f3by otwarcia tego\u017c bloga, chocia\u017c okazji do rozm\u00f3w na co dzie\u0144 - w konfesjonale i poza nim - na szcz\u0119\u015bcie nie brakuje. My\u015bl\u0119 jednak, \u017ce ten blog b\u0119dzie jeszcze jednym sposobem i przestrzeni\u0105 nawi\u0105zania kontaktu z lud\u017ami dobrej woli, otwartymi na dialog.\",\"url\":\"https:\/\/gaudiumetspes-blog.pl\/index.php\/author\/ks-jacek\/\"}]}<\/script>\n<!-- \/ Yoast SEO plugin. -->","yoast_head_json":{"title":"Rozpoczynamy nowy rok - w imi\u0119 Pa\u0144skie! - Gaudium Et Spes","robots":{"index":"index","follow":"follow","max-snippet":"max-snippet:-1","max-image-preview":"max-image-preview:large","max-video-preview":"max-video-preview:-1"},"canonical":"https:\/\/gaudiumetspes-blog.pl\/index.php\/2011\/01\/02\/rozpoczynamy-nowy-rok-w-imie-panskie\/","og_locale":"pl_PL","og_type":"article","og_title":"Rozpoczynamy nowy rok - w imi\u0119 Pa\u0144skie! - Gaudium Et Spes","og_description":"Z RADO\u015aCI\u0104 I NADZIEJ\u0104 WITAM U POCZ\u0104TKU ROKU PA\u0143SKIEGO 2011. \u017byczenia, jakie chc\u0119 Wam z\u0142o\u017cy\u0107, zapisa\u0142em w rozwa\u017caniu. W tym miejscu pragn\u0119 Wam wszystkim przes\u0142a\u0107 na ca\u0142y nowy rok moje z serca p\u0142yn\u0105ce kap\u0142a\u0144skie b\u0142ogos\u0142awie\u0144stwo: NIECH WAS B\u0141OGOS\u0141AWI B\u00d3G WSZECHMOG\u0104CY: OJCIEC I SYN, I DUCH \u015aWI\u0118TY. AMEN&nbsp;&nbsp;&nbsp;&nbsp;&nbsp;&nbsp;&nbsp;&nbsp;&nbsp;&nbsp;&nbsp;&nbsp;&nbsp;&nbsp;&nbsp; Gaudium et spes! Ks. Jacek&nbsp; Uroczysto\u015b\u0107 \u015awi\u0119tej Bo\u017cej [&hellip;]","og_url":"https:\/\/gaudiumetspes-blog.pl\/index.php\/2011\/01\/02\/rozpoczynamy-nowy-rok-w-imie-panskie\/","og_site_name":"Gaudium Et Spes","article_published_time":"2011-01-02T01:34:00+00:00","article_modified_time":"2019-07-31T10:51:58+00:00","author":"Ks. Jacek","twitter_card":"summary_large_image","twitter_misc":{"Napisane przez":"Ks. Jacek","Szacowany czas czytania":"10 minut"},"schema":{"@context":"https:\/\/schema.org","@graph":[{"@type":"WebPage","@id":"https:\/\/gaudiumetspes-blog.pl\/index.php\/2011\/01\/02\/rozpoczynamy-nowy-rok-w-imie-panskie\/","url":"https:\/\/gaudiumetspes-blog.pl\/index.php\/2011\/01\/02\/rozpoczynamy-nowy-rok-w-imie-panskie\/","name":"Rozpoczynamy nowy rok - w imi\u0119 Pa\u0144skie! - Gaudium Et Spes","isPartOf":{"@id":"https:\/\/gaudiumetspes-blog.pl\/#website"},"datePublished":"2011-01-02T01:34:00+00:00","dateModified":"2019-07-31T10:51:58+00:00","author":{"@id":"https:\/\/gaudiumetspes-blog.pl\/#\/schema\/person\/1661982992b752dea8dff0d4ed845a65"},"breadcrumb":{"@id":"https:\/\/gaudiumetspes-blog.pl\/index.php\/2011\/01\/02\/rozpoczynamy-nowy-rok-w-imie-panskie\/#breadcrumb"},"inLanguage":"pl-PL","potentialAction":[{"@type":"ReadAction","target":["https:\/\/gaudiumetspes-blog.pl\/index.php\/2011\/01\/02\/rozpoczynamy-nowy-rok-w-imie-panskie\/"]}]},{"@type":"BreadcrumbList","@id":"https:\/\/gaudiumetspes-blog.pl\/index.php\/2011\/01\/02\/rozpoczynamy-nowy-rok-w-imie-panskie\/#breadcrumb","itemListElement":[{"@type":"ListItem","position":1,"name":"Strona g\u0142\u00f3wna","item":"https:\/\/gaudiumetspes-blog.pl\/"},{"@type":"ListItem","position":2,"name":"Rozpoczynamy nowy rok &#8211; w&nbsp;imi\u0119 Pa\u0144skie!"}]},{"@type":"WebSite","@id":"https:\/\/gaudiumetspes-blog.pl\/#website","url":"https:\/\/gaudiumetspes-blog.pl\/","name":"Gaudium Et Spes","description":"Blog Ks. Jacka Ja\u015bkowskiego","potentialAction":[{"@type":"SearchAction","target":{"@type":"EntryPoint","urlTemplate":"https:\/\/gaudiumetspes-blog.pl\/?s={search_term_string}"},"query-input":{"@type":"PropertyValueSpecification","valueRequired":true,"valueName":"search_term_string"}}],"inLanguage":"pl-PL"},{"@type":"Person","@id":"https:\/\/gaudiumetspes-blog.pl\/#\/schema\/person\/1661982992b752dea8dff0d4ed845a65","name":"Ks. Jacek","image":{"@type":"ImageObject","inLanguage":"pl-PL","@id":"https:\/\/gaudiumetspes-blog.pl\/#\/schema\/person\/image\/","url":"https:\/\/gaudiumetspes-blog.pl\/wp-content\/uploads\/2019\/07\/avatar-JJ-150x150.jpg","contentUrl":"https:\/\/gaudiumetspes-blog.pl\/wp-content\/uploads\/2019\/07\/avatar-JJ-150x150.jpg","caption":"Ks. Jacek"},"description":"Witam serdecznie! K\u0142ania si\u0119 Ks. Jacek Ja\u015bkowski. Nie jestem ani kim\u015b wa\u017cnym, ani kim\u015b znanym. Jestem ksi\u0119dzem, kt\u00f3ry po prostu chce rozmawia\u0107. Codzienna kap\u0142a\u0144ska pos\u0142uga pokazuje mi, \u017ce temat\u00f3w do rozm\u00f3w z ksi\u0119dzem jest coraz wi\u0119cej i dzisiaj \u017caden ksi\u0105dz nie mo\u017ce od nich ucieka\u0107, ale - wprost przeciwnie - podejmowa\u0107 nowe wyzwania. To przekonanie sk\u0142oni\u0142o mnie do pr\u00f3by otwarcia tego\u017c bloga, chocia\u017c okazji do rozm\u00f3w na co dzie\u0144 - w konfesjonale i poza nim - na szcz\u0119\u015bcie nie brakuje. My\u015bl\u0119 jednak, \u017ce ten blog b\u0119dzie jeszcze jednym sposobem i przestrzeni\u0105 nawi\u0105zania kontaktu z lud\u017ami dobrej woli, otwartymi na dialog.","url":"https:\/\/gaudiumetspes-blog.pl\/index.php\/author\/ks-jacek\/"}]}},"jetpack_featured_media_url":"","jetpack_sharing_enabled":true,"_links":{"self":[{"href":"https:\/\/gaudiumetspes-blog.pl\/index.php\/wp-json\/wp\/v2\/posts\/9993","targetHints":{"allow":["GET"]}}],"collection":[{"href":"https:\/\/gaudiumetspes-blog.pl\/index.php\/wp-json\/wp\/v2\/posts"}],"about":[{"href":"https:\/\/gaudiumetspes-blog.pl\/index.php\/wp-json\/wp\/v2\/types\/post"}],"author":[{"embeddable":true,"href":"https:\/\/gaudiumetspes-blog.pl\/index.php\/wp-json\/wp\/v2\/users\/1"}],"replies":[{"embeddable":true,"href":"https:\/\/gaudiumetspes-blog.pl\/index.php\/wp-json\/wp\/v2\/comments?post=9993"}],"version-history":[{"count":1,"href":"https:\/\/gaudiumetspes-blog.pl\/index.php\/wp-json\/wp\/v2\/posts\/9993\/revisions"}],"predecessor-version":[{"id":10090,"href":"https:\/\/gaudiumetspes-blog.pl\/index.php\/wp-json\/wp\/v2\/posts\/9993\/revisions\/10090"}],"wp:attachment":[{"href":"https:\/\/gaudiumetspes-blog.pl\/index.php\/wp-json\/wp\/v2\/media?parent=9993"}],"wp:term":[{"taxonomy":"category","embeddable":true,"href":"https:\/\/gaudiumetspes-blog.pl\/index.php\/wp-json\/wp\/v2\/categories?post=9993"},{"taxonomy":"post_tag","embeddable":true,"href":"https:\/\/gaudiumetspes-blog.pl\/index.php\/wp-json\/wp\/v2\/tags?post=9993"}],"curies":[{"name":"wp","href":"https:\/\/api.w.org\/{rel}","templated":true}]}}