{"id":9998,"date":"2010-12-27T11:06:00","date_gmt":"2010-12-27T10:06:00","guid":{"rendered":"https:\/\/gaudiumetspes-blog.pl\/index.php\/2010\/12\/27\/ujrza-i-uwierzy\/"},"modified":"2019-07-31T12:51:58","modified_gmt":"2019-07-31T10:51:58","slug":"ujrza-i-uwierzy","status":"publish","type":"post","link":"https:\/\/gaudiumetspes-blog.pl\/index.php\/2010\/12\/27\/ujrza-i-uwierzy\/","title":{"rendered":"Ujrza\u0142 i uwierzy\u0142!"},"content":{"rendered":"<p>\u015awi\u0119ty Jan Ewangelista, dzisiejszy Patron &#8211; ujrza\u0142 i uwierzy\u0142! Tak o tym sam m\u00f3wi w Ewangelii. W dniu jego \u015bwi\u0119ta bardzo serdecznie witam i od razu najgor\u0119cej dzi\u0119kuj\u0119 za \u017cyczenia \u015bwi\u0105teczne, r\u00f3\u017cnymi drogami docieraj\u0105ce do mnie. Wszystkie je odwzajemniam modlitw\u0105.&nbsp;<br style=\"font-family: 'Times New Roman';\" \/>A ja dzisiaj ze swej strony chc\u0119 z\u0142o\u017cy\u0107&nbsp;NAJSERDECZNIEJSZE \u017bYCZENIA IMIENINOWE KSI\u0118DZU KANONIKOWI JANOWI GROCHOWSKIEMU&nbsp;&#8211; Kap\u0142anowi, przy kt\u00f3rym wchodzi\u0142em w swoje kap\u0142a\u0144stwo, pod kierunkiem kt\u00f3rego pracowa\u0142em kilka lat, kt\u00f3remu zawdzi\u0119czam wiele duchowego wsparcia, dobrych rad, ale te\u017c materialnej pomocy. Do dzisiaj uwa\u017cam Ksi\u0119dza Jana &#8211; w sensie moralnym &#8211; za mojego Proboszcza, a w dniu imienin \u017cycz\u0119, aby nigdy nie traci\u0142 tego zapa\u0142u i optymizmu, kt\u00f3rego ma tak wiele, a tak\u017ce swoich ciekawych pomys\u0142\u00f3w i duszpasterskich inicjatyw! Modl\u0119 si\u0119 o to, aby Ksi\u0105dz Kanonik zawsze do\u015bwiadcza\u0142 ludzkiej \u017cyczliwo\u015bci i zrozumienia, a Jego pos\u0142uga oby przynosi\u0142a stokrotne owoce. Osob\u0119 Solenizanta polecam tak\u017ce Waszym modlitwom!<br style=\"font-family: 'Times New Roman';\" \/>&nbsp;&nbsp;&nbsp;&nbsp;&nbsp;&nbsp;&nbsp;&nbsp;&nbsp;&nbsp;&nbsp;&nbsp;&nbsp;&nbsp;&nbsp;&nbsp;&nbsp;&nbsp;&nbsp;&nbsp;&nbsp;&nbsp;&nbsp;&nbsp;&nbsp;&nbsp;&nbsp;&nbsp;&nbsp;&nbsp;&nbsp;&nbsp; Gaudium et spes!&nbsp;&nbsp; Ks. Jacek&nbsp;<\/p>\n<div class=\"MsoNormal\" style=\"font-family: 'Times New Roman'; margin-bottom: 0px; margin-left: 0px; margin-right: 0px; margin-top: 0.4em; text-align: justify;\"><b>\u015awi\u0119to \u015awi\u0119tego Jana Ewangelisty,<\/b><\/div>\n<div class=\"MsoNormal\" style=\"font-family: 'Times New Roman'; margin-bottom: 0px; margin-left: 0px; margin-right: 0px; margin-top: 0.4em; text-align: justify;\"><b>do czyta\u0144 z tomu VI Lekcjonarza: 1 J 1,1\u20134;&nbsp;J 20,2\u20138<\/b><\/div>\n<div class=\"MsoNormal\" style=\"font-family: 'Times New Roman'; margin-bottom: 0px; margin-left: 0px; margin-right: 0px; margin-top: 0.4em; text-align: justify;\">\n<\/div>\n<div class=\"MsoNormal\" style=\"font-family: 'Times New Roman'; margin-bottom: 0px; margin-left: 0px; margin-right: 0px; margin-top: 0.4em; text-align: justify; text-indent: 35.4pt;\">Patron dnia dzisiejszego, \u015awi\u0119ty Jan Ewangelista, by\u0142 prorokiem, teologiem i mistykiem. By\u0142 synem Zebedeusza i Salome, m\u0142odszym bratem Jakuba Starszego.&nbsp;<b>Pocz\u0105tkowo by\u0142 uczniem Jana Chrzciciela,<\/b>jednak z czasem, wraz ze \u015awi\u0119tym Andrzejem, poszed\u0142 za Jezusem. Nie uczyni\u0142 tego jednak po pierwszym spotkaniu z Mistrzem, ale dopiero po drugim, nad Jeziorem Galilejskim.<\/div>\n<div class=\"MsoNormal\" style=\"font-family: 'Times New Roman'; margin-bottom: 0px; margin-left: 0px; margin-right: 0px; margin-top: 0.4em; text-align: justify; text-indent: 35.4pt;\">Wcze\u015bniej pracowa\u0142 jako rybak. O jego zamo\u017cno\u015bci \u015bwiadczy fakt, \u017ce mia\u0142 w\u0142asn\u0105 \u0142\u00f3d\u017a i sieci. Niekt\u00f3rzy s\u0105dz\u0105, \u017ce dostarcza\u0142 ryby na st\u00f3\u0142 arcykap\u0142ana i to dzi\u0119ki temu \u2013 by\u0107 mo\u017ce \u2013 m\u00f3g\u0142 wprowadzi\u0107 Piotra na podw\u00f3rze arcykap\u0142ana po aresztowaniu Jezusa.&nbsp;<b>Ewangelia odnotowuje obecno\u015b\u0107 Jana podczas Przemienienia na G\u00f3rze Tabor, przy wskrzeszeniu c\u00f3rki Jaira oraz w czasie konania i aresztowania Jezusa w Ogrodzie Oliwnym.<\/b><\/div>\n<div class=\"MsoNormal\" style=\"font-family: 'Times New Roman'; margin-bottom: 0px; margin-left: 0px; margin-right: 0px; margin-top: 0.4em; text-align: justify; text-indent: 35.4pt;\">Ciekawy natomiast wydaje si\u0119 ten epizod, kiedy to przyby\u0142a do Pana Jezusa matka \u015awi\u0119tego Jana i \u015bwi\u0119tego Jakuba&nbsp;<b>z dziwn\u0105 pro\u015bb\u0105, aby jej synowie zasiadali w Jego kr\u00f3lestwie na pierwszych miejscach,<\/b>po Jego prawej i lewej stronie. Szczeg\u00f3\u0142 ten zdradza to, \u017ce nawet tak \u015bwi\u0105tobliwy cz\u0142owiek, jak Jan, nie ca\u0142kiem bezinteresownie przyst\u0105pi\u0142 do Pana Jezusa w charakterze Jego ucznia. Przekonany, \u017ce wskrzesi On doczesne kr\u00f3lestwo Izraela na wz\u00f3r i co najmniej w granicach kr\u00f3lestwa Dawida,&nbsp;<b>marzy\u0142, by w tym kr\u00f3lestwie mie\u0107 wp\u0142ywowy urz\u0105d, by\u0107 jednym z pierwszych u Jego boku ministr\u00f3w.<\/b>&nbsp;Samemu jednak wstydz\u0105c si\u0119 o to prosi\u0107, wezwa\u0142 interwencji swojej matki. Potem zrozumie, \u017ce chodzi o kr\u00f3lestwo Bo\u017ce, kr\u00f3lestwo duchowe, o zbawienie ludzi \u2013 i odda si\u0119 tej wielkiej sprawie a\u017c do ostatniej godziny \u017cycia. Ze wzgl\u0119du na m\u0142odzie\u0144cz\u0105 gwa\u0142towno\u015b\u0107 charakteru,&nbsp;<b>Chrystus okre\u015bla\u0142 Jana i Jakuba mianem:&nbsp;<i>synowie gromu<\/i>.<\/b><\/div>\n<div class=\"MsoNormal\" style=\"font-family: 'Times New Roman'; margin-bottom: 0px; margin-left: 0px; margin-right: 0px; margin-top: 0.4em; text-align: justify; text-indent: 35.4pt;\">\u015awi\u0119ty Jan zostaje wyznaczony wraz ze \u015awi\u0119tym Piotrem, aby przygotowali Pasch\u0119.&nbsp;<b>Podczas Ostatniej Wieczerzy Jan spoczywa\u0142 na piersi Zbawiciela. I tylko on pozosta\u0142 do ko\u0144ca wierny Panu Jezusowi. Wytrwa\u0142 pod krzy\u017cem.<\/b>&nbsp;Dlatego Chrystus z krzy\u017ca&nbsp;<b>powierza mu swoj\u0105 Matk\u0119, a Jej \u2013 Jana jako przybranego syna.<\/b>&nbsp;Po zmartwychwstaniu Jan przybywa razem ze \u015awi\u0119tym Piotrem do grobu, gdzie \u2013 jak s\u0142yszymy dzisiaj \u2013&nbsp;<b><i>ujrza\u0142 i uwierzy\u0142,<\/i><\/b>&nbsp;\u017ce Chrystus \u017cyje.<\/div>\n<div class=\"MsoNormal\" style=\"font-family: 'Times New Roman'; margin-bottom: 0px; margin-left: 0px; margin-right: 0px; margin-top: 0.4em; text-align: justify;\">&nbsp;&nbsp;&nbsp;&nbsp;&nbsp;&nbsp;&nbsp;&nbsp;&nbsp;&nbsp;&nbsp; W Dziejach Apostolskich \u015awi\u0119ty Jan wyst\u0119puje jako&nbsp;<b>nieod\u0142\u0105czny na pocz\u0105tku towarzysz \u015awi\u0119tego Piotra<\/b>. Obaj id\u0105 do \u015bwi\u0105tyni \u017cydowskiej na modlitw\u0119 i dokonuj\u0105 u jej wej\u015bcia cudu uzdrowienia paralityka. Jan z Piotrem zosta\u0142 delegowany przez Aposto\u0142\u00f3w do udzielenia sakramentu Bierzmowania w Samarii. Razem przemawiali do ludu, zostali pojmani i wtr\u0105ceni do wi\u0119zienia. O \u015awi\u0119tym Janie Apostole wspomina tak\u017ce Pawe\u0142 Aposto\u0142 w Li\u015bcie do Galat\u00f3w.&nbsp;<b>Nazywa go filarem Ko\u015bcio\u0142a.<\/b><\/div>\n<div class=\"MsoNormal\" style=\"font-family: 'Times New Roman'; margin-bottom: 0px; margin-left: 0px; margin-right: 0px; margin-top: 0.4em; text-align: justify; text-indent: 35.4pt;\">Sam za\u015b Jan przebywa\u0142 przez wiele lat w Jerozolimie, nast\u0119pnie w Efezie.&nbsp;<b>I to w\u0142a\u015bnie w Efezie napisa\u0142 Ewangeli\u0119 i trzy Listy Apostolskie.&nbsp;<\/b>Wynika z nich, \u017ce jako starzec kierowa\u0142 niekt\u00f3rymi gminami chrze\u015bcija\u0144skimi w Ma\u0142ej Azji. Z Apokalipsy natomiast dowiadujemy si\u0119, \u017ce by\u0142y to: Efez, Smyrna,Pergamon, Tiatyra, Sardes, Filadelfia i Laodycea.<\/div>\n<div class=\"MsoNormal\" style=\"font-family: 'Times New Roman'; margin-bottom: 0px; margin-left: 0px; margin-right: 0px; margin-top: 0.4em; text-align: justify; text-indent: 35.4pt;\">Natomiast ze \u017ar\u00f3de\u0142 wczesnochrze\u015bcija\u0144skich wynika, \u017ce \u015awi\u0119ty Jan g\u0142osi\u0142 Ewangeli\u0119 albo w samej Ziemi \u015awi\u0119tej, albo w jej pobli\u017cu,&nbsp;<b>a to ze wzgl\u0119du na Matk\u0119 Bo\u017c\u0105, nad kt\u00f3r\u0105 mu Chrystus powierzy\u0142 opiek\u0119.<\/b>W czasie wybuchu powstania \u017cydowskiego \u015awi\u0119ty Jan schroni\u0142 si\u0119 zapewne w Zajordanii.<b>&nbsp;Za cesarza Domicjana przebywa\u0142 na zes\u0142aniu na wyspie Patmos, z kt\u00f3rej powr\u00f3ci\u0142 po \u015bmierci w\u0142adcy, oko\u0142o rok 96<\/b>. Wed\u0142ug podania, cesarz Nerwa mia\u0142 uwolni\u0107 Jana z wygnania. Aposto\u0142 wr\u00f3ci\u0142 do Efezu, gdzie zmar\u0142 niebawem, oko\u0142o 98 roku. Jako jedyny z aposto\u0142\u00f3w zmar\u0142 \u015bmierci\u0105 naturaln\u0105, jako prawie stuletni starzec.<\/div>\n<div class=\"MsoNormal\" style=\"font-family: 'Times New Roman'; margin-bottom: 0px; margin-left: 0px; margin-right: 0px; margin-top: 0.4em; text-align: justify; text-indent: 35.4pt;\">Pierwszymi adresatami jego Ewangelii byli chrze\u015bcijanie Ma\u0142ej Azji. Znali oni dobrze \u015awi\u0119tego Jana, nie musia\u0142 si\u0119 wi\u0119c im przedstawia\u0107. W owych czasach grasowa\u0142y pierwsze herezje gnostyckie: ceryntian, nikolait\u00f3w i ebionit\u00f3w. Dlatego&nbsp;<b>Ewangelia Jana nie ma charakteru katechetycznego, jak poprzednie, a raczej historyczno\u2013teologiczny.&nbsp;<\/b>Jan wykazuje, \u017ce Jezus jest postaci\u0105 historyczn\u0105, \u017ce jest prawdziwie Synem Bo\u017cym. Tradycja za symbol s\u0142usznie nada\u0142a mu or\u0142a, gdy\u017c g\u0142\u0119bi\u0105 i polotem przewy\u017cszy\u0142 wszystkich Ewangelist\u00f3w.<\/div>\n<div class=\"MsoNormal\" style=\"font-family: 'Times New Roman'; margin-bottom: 0px; margin-left: 0px; margin-right: 0px; margin-top: 0.4em; text-align: justify; text-indent: 35.4pt;\">Kochani, dzisiejszy Patron jest o tyle niezwyk\u0142y, \u017ce \u2013 je\u015bli tak mo\u017cna powiedzie\u0107 \u2013&nbsp;<b>sam \u201eobs\u0142uguje\u201d swoje liturgiczne wspomnienie.<\/b>Wszak dzisiaj i w pierwszym czytaniu, i w Ewangelii, s\u0142yszymy tylko jego s\u0142owa. I zar\u00f3wno w pierwszym, jak i w drugim tek\u015bcie&nbsp;<b>podkre\u015blona zosta\u0142a waga osobistego \u015bwiadectwa Jana \u2013 tego, \u017ce on sam widzia\u0142 to wszystko, co opisuje.<\/b>&nbsp;Zauwa\u017cmy jednak, \u017ce nigdzie Jan wprost nie m\u00f3wi o sobie, nie u\u017cywa pierwszej osoby. W swoim Li\u015bcie stosuje form\u0119 \u201emy\u201d:<i>To wam oznajmiamy, co by\u0142o od pocz\u0105tku,&nbsp;<b>co\u015bmy us\u0142yszeli o S\u0142owie \u017cycia, co ujrzeli\u015bmy w\u0142asnymi oczami, na co patrzyli\u015bmy i czego dotyka\u0142y nasze r\u0119ce.<\/b><\/i>&nbsp;[\u2026]&nbsp;<i>My\u015bmy je widzieli, o nim \u015bwiadczymy i g\u0142osimy wam \u017cycie wieczne<\/i>. Mowa tu zatem o gronie Aposto\u0142\u00f3w i naocznych \u015bwiadk\u00f3w, kt\u00f3rych \u015bwiadectwo powinien przyj\u0105\u0107 ka\u017cdy, kto chce uwierzy\u0107 w Jezusa.<\/div>\n<div class=\"MsoNormal\" style=\"font-family: 'Times New Roman'; margin-bottom: 0px; margin-left: 0px; margin-right: 0px; margin-top: 0.4em; text-align: justify; text-indent: 35.4pt;\">W Ewangelii natomiast u\u017cywa trzeciej osoby i umieszcza siebie przy boku Piotra, okre\u015blaj\u0105c si\u0119 mianem:&nbsp;<b><i>\u00f3w drugi ucze\u0144<\/i><\/b>. Ucze\u0144, kt\u00f3ry \u2013 jako m\u0142odszy \u2013&nbsp;<b>pierwszy dobieg\u0142 do pustego grobu, ale tam nie wszed\u0142, bo pozwoli\u0142, aby jako pierwszy uczyni\u0142 to Piotr.<\/b>&nbsp;Jednak on wszed\u0142 zaraz za Piotrem i wtedy to dokona\u0142o si\u0119 w nim co\u015b, co stre\u015bci\u0142 on w dw\u00f3ch s\u0142owach, m\u00f3wi\u0105c o sobie:&nbsp;<b><i>Ujrza\u0142 i uwierzy\u0142.<\/i><\/b><\/div>\n<div class=\"MsoNormal\" style=\"font-family: 'Times New Roman'; margin-bottom: 0px; margin-left: 0px; margin-right: 0px; margin-top: 0.4em; text-align: justify; text-indent: 35.4pt;\">Kochani, my\u015bl\u0119, \u017ce w tych dw\u00f3ch s\u0142owach stre\u015bci\u0142o si\u0119 ca\u0142e \u017cycie i ca\u0142e pos\u0142annictwo Jana:&nbsp;<b><i>Ujrza\u0142 i uwierzy\u0142.<\/i><\/b>&nbsp;Nic tu wi\u0119cej dodawa\u0107, nic tu wi\u0119cej wyja\u015bnia\u0107! A jedynie modli\u0107 si\u0119 i \u017cyczy\u0107 sobie, \u017ceby\u015bmy i my tak potrafili, \u017ceby\u015bmy tak\u0105 umiej\u0119tno\u015b\u0107 u Boga wyprosili dla siebie:&nbsp;<b>ujrze\u0107 i uwierzy\u0107!<\/b>&nbsp;Tyle znak\u00f3w dzia\u0142ania Bo\u017cego widzimy, tyle Jego s\u0142\u00f3w s\u0142yszymy, tyle Jego dobroci do\u015bwiadczamy.<\/div>\n<div class=\"MsoNormal\" style=\"font-family: 'Times New Roman'; margin-bottom: 0px; margin-left: 0px; margin-right: 0px; margin-top: 0.4em; text-align: justify; text-indent: 35.4pt;\">Niech On sam nam zatem pozwoli&nbsp;<b>wszystko to ujrze\u0107,<\/b>&nbsp;dostrzec, przyj\u0105\u0107 g\u0142\u0119boko do serca.&nbsp;<b>I ca\u0142ym sercem \u2013 uwierzy\u0107 w to wszystko!<\/b>&nbsp;I sta\u0107 si\u0119 dla innych \u2013 naocznym \u015bwiadkiem i aposto\u0142em. Aby dzi\u0119ki naszej pomocy&nbsp;<b>tak\u017ce inni mogli \u2013 ujrze\u0107 i uwierzy\u0107!<\/b><\/div>\n<div class=\"MsoNormal\" style=\"font-family: 'Times New Roman'; margin-bottom: 0px; margin-left: 0px; margin-right: 0px; margin-top: 0.4em; text-align: justify; text-indent: 35.4pt;\">W tym kontek\u015bcie zastan\u00f3wmy si\u0119 teraz:<\/div>\n<ul style=\"font-family: 'Times New Roman'; margin-top: 0cm;\" type=\"disc\">\n<li class=\"MsoNormal\" style=\"text-align: justify;\">Na ile staram si\u0119 dostrzega\u0107 konkretne znaki Bo\u017cego dzia\u0142ania w moim \u017cyciu?<\/li>\n<li class=\"MsoNormal\" style=\"text-align: justify;\">Czy dzi\u0119ki nim bardziej wierz\u0119 w Jezusa i wierz\u0119 Jezusowi?<\/li>\n<li class=\"MsoNormal\" style=\"text-align: justify;\">Czy mam odwag\u0119 innym pokazywa\u0107, jak Jezus konkretnie dzia\u0142a i co m\u00f3wi?<\/li>\n<\/ul>\n<div class=\"MsoNormal\" style=\"font-family: 'Times New Roman'; margin-bottom: 0px; margin-left: 0px; margin-right: 0px; margin-top: 0.4em; text-align: justify; text-indent: 18pt;\"><b><i>Ujrza\u0142 i uwierzy\u0142<\/i><\/b><b>!<\/b><\/div>\n<div><b><br \/>\n<\/b><\/div>\n","protected":false},"excerpt":{"rendered":"<p>\u015awi\u0119ty Jan Ewangelista, dzisiejszy Patron &#8211; ujrza\u0142 i uwierzy\u0142! Tak o tym sam m\u00f3wi w Ewangelii. W dniu jego \u015bwi\u0119ta bardzo serdecznie witam i od razu najgor\u0119cej dzi\u0119kuj\u0119 za \u017cyczenia \u015bwi\u0105teczne, r\u00f3\u017cnymi drogami docieraj\u0105ce do mnie. Wszystkie je odwzajemniam modlitw\u0105.&nbsp;A ja dzisiaj ze swej strony chc\u0119 z\u0142o\u017cy\u0107&nbsp;NAJSERDECZNIEJSZE \u017bYCZENIA IMIENINOWE KSI\u0118DZU KANONIKOWI JANOWI GROCHOWSKIEMU&nbsp;&#8211; Kap\u0142anowi, przy [&hellip;]<\/p>\n","protected":false},"author":1,"featured_media":0,"comment_status":"open","ping_status":"open","sticky":false,"template":"","format":"standard","meta":{"jetpack_post_was_ever_published":false,"_jetpack_newsletter_access":"","_jetpack_dont_email_post_to_subs":false,"_jetpack_newsletter_tier_id":0,"_jetpack_memberships_contains_paywalled_content":false,"_jetpack_memberships_contains_paid_content":false,"footnotes":""},"categories":[1],"tags":[],"class_list":["post-9998","post","type-post","status-publish","format-standard","hentry","category-bez-kategorii"],"yoast_head":"<!-- This site is optimized with the Yoast SEO plugin v25.1 - https:\/\/yoast.com\/wordpress\/plugins\/seo\/ -->\n<title>Ujrza\u0142 i uwierzy\u0142! - Gaudium Et Spes<\/title>\n<meta name=\"robots\" content=\"index, follow, max-snippet:-1, max-image-preview:large, max-video-preview:-1\" \/>\n<link rel=\"canonical\" href=\"https:\/\/gaudiumetspes-blog.pl\/index.php\/2010\/12\/27\/ujrza-i-uwierzy\/\" \/>\n<meta property=\"og:locale\" content=\"pl_PL\" \/>\n<meta property=\"og:type\" content=\"article\" \/>\n<meta property=\"og:title\" content=\"Ujrza\u0142 i uwierzy\u0142! - Gaudium Et Spes\" \/>\n<meta property=\"og:description\" content=\"\u015awi\u0119ty Jan Ewangelista, dzisiejszy Patron &#8211; ujrza\u0142 i uwierzy\u0142! Tak o tym sam m\u00f3wi w Ewangelii. W dniu jego \u015bwi\u0119ta bardzo serdecznie witam i od razu najgor\u0119cej dzi\u0119kuj\u0119 za \u017cyczenia \u015bwi\u0105teczne, r\u00f3\u017cnymi drogami docieraj\u0105ce do mnie. Wszystkie je odwzajemniam modlitw\u0105.&nbsp;A ja dzisiaj ze swej strony chc\u0119 z\u0142o\u017cy\u0107&nbsp;NAJSERDECZNIEJSZE \u017bYCZENIA IMIENINOWE KSI\u0118DZU KANONIKOWI JANOWI GROCHOWSKIEMU&nbsp;&#8211; Kap\u0142anowi, przy [&hellip;]\" \/>\n<meta property=\"og:url\" content=\"https:\/\/gaudiumetspes-blog.pl\/index.php\/2010\/12\/27\/ujrza-i-uwierzy\/\" \/>\n<meta property=\"og:site_name\" content=\"Gaudium Et Spes\" \/>\n<meta property=\"article:published_time\" content=\"2010-12-27T10:06:00+00:00\" \/>\n<meta property=\"article:modified_time\" content=\"2019-07-31T10:51:58+00:00\" \/>\n<meta name=\"author\" content=\"Ks. Jacek\" \/>\n<meta name=\"twitter:card\" content=\"summary_large_image\" \/>\n<meta name=\"twitter:label1\" content=\"Napisane przez\" \/>\n\t<meta name=\"twitter:data1\" content=\"Ks. Jacek\" \/>\n\t<meta name=\"twitter:label2\" content=\"Szacowany czas czytania\" \/>\n\t<meta name=\"twitter:data2\" content=\"7 minut\" \/>\n<script type=\"application\/ld+json\" class=\"yoast-schema-graph\">{\"@context\":\"https:\/\/schema.org\",\"@graph\":[{\"@type\":\"WebPage\",\"@id\":\"https:\/\/gaudiumetspes-blog.pl\/index.php\/2010\/12\/27\/ujrza-i-uwierzy\/\",\"url\":\"https:\/\/gaudiumetspes-blog.pl\/index.php\/2010\/12\/27\/ujrza-i-uwierzy\/\",\"name\":\"Ujrza\u0142 i uwierzy\u0142! - Gaudium Et Spes\",\"isPartOf\":{\"@id\":\"https:\/\/gaudiumetspes-blog.pl\/#website\"},\"datePublished\":\"2010-12-27T10:06:00+00:00\",\"dateModified\":\"2019-07-31T10:51:58+00:00\",\"author\":{\"@id\":\"https:\/\/gaudiumetspes-blog.pl\/#\/schema\/person\/1661982992b752dea8dff0d4ed845a65\"},\"breadcrumb\":{\"@id\":\"https:\/\/gaudiumetspes-blog.pl\/index.php\/2010\/12\/27\/ujrza-i-uwierzy\/#breadcrumb\"},\"inLanguage\":\"pl-PL\",\"potentialAction\":[{\"@type\":\"ReadAction\",\"target\":[\"https:\/\/gaudiumetspes-blog.pl\/index.php\/2010\/12\/27\/ujrza-i-uwierzy\/\"]}]},{\"@type\":\"BreadcrumbList\",\"@id\":\"https:\/\/gaudiumetspes-blog.pl\/index.php\/2010\/12\/27\/ujrza-i-uwierzy\/#breadcrumb\",\"itemListElement\":[{\"@type\":\"ListItem\",\"position\":1,\"name\":\"Strona g\u0142\u00f3wna\",\"item\":\"https:\/\/gaudiumetspes-blog.pl\/\"},{\"@type\":\"ListItem\",\"position\":2,\"name\":\"Ujrza\u0142 i&nbsp;uwierzy\u0142!\"}]},{\"@type\":\"WebSite\",\"@id\":\"https:\/\/gaudiumetspes-blog.pl\/#website\",\"url\":\"https:\/\/gaudiumetspes-blog.pl\/\",\"name\":\"Gaudium Et Spes\",\"description\":\"Blog Ks. Jacka Ja\u015bkowskiego\",\"potentialAction\":[{\"@type\":\"SearchAction\",\"target\":{\"@type\":\"EntryPoint\",\"urlTemplate\":\"https:\/\/gaudiumetspes-blog.pl\/?s={search_term_string}\"},\"query-input\":{\"@type\":\"PropertyValueSpecification\",\"valueRequired\":true,\"valueName\":\"search_term_string\"}}],\"inLanguage\":\"pl-PL\"},{\"@type\":\"Person\",\"@id\":\"https:\/\/gaudiumetspes-blog.pl\/#\/schema\/person\/1661982992b752dea8dff0d4ed845a65\",\"name\":\"Ks. Jacek\",\"image\":{\"@type\":\"ImageObject\",\"inLanguage\":\"pl-PL\",\"@id\":\"https:\/\/gaudiumetspes-blog.pl\/#\/schema\/person\/image\/\",\"url\":\"https:\/\/gaudiumetspes-blog.pl\/wp-content\/uploads\/2019\/07\/avatar-JJ-150x150.jpg\",\"contentUrl\":\"https:\/\/gaudiumetspes-blog.pl\/wp-content\/uploads\/2019\/07\/avatar-JJ-150x150.jpg\",\"caption\":\"Ks. Jacek\"},\"description\":\"Witam serdecznie! K\u0142ania si\u0119 Ks. Jacek Ja\u015bkowski. Nie jestem ani kim\u015b wa\u017cnym, ani kim\u015b znanym. Jestem ksi\u0119dzem, kt\u00f3ry po prostu chce rozmawia\u0107. Codzienna kap\u0142a\u0144ska pos\u0142uga pokazuje mi, \u017ce temat\u00f3w do rozm\u00f3w z ksi\u0119dzem jest coraz wi\u0119cej i dzisiaj \u017caden ksi\u0105dz nie mo\u017ce od nich ucieka\u0107, ale - wprost przeciwnie - podejmowa\u0107 nowe wyzwania. To przekonanie sk\u0142oni\u0142o mnie do pr\u00f3by otwarcia tego\u017c bloga, chocia\u017c okazji do rozm\u00f3w na co dzie\u0144 - w konfesjonale i poza nim - na szcz\u0119\u015bcie nie brakuje. My\u015bl\u0119 jednak, \u017ce ten blog b\u0119dzie jeszcze jednym sposobem i przestrzeni\u0105 nawi\u0105zania kontaktu z lud\u017ami dobrej woli, otwartymi na dialog.\",\"url\":\"https:\/\/gaudiumetspes-blog.pl\/index.php\/author\/ks-jacek\/\"}]}<\/script>\n<!-- \/ Yoast SEO plugin. -->","yoast_head_json":{"title":"Ujrza\u0142 i uwierzy\u0142! - Gaudium Et Spes","robots":{"index":"index","follow":"follow","max-snippet":"max-snippet:-1","max-image-preview":"max-image-preview:large","max-video-preview":"max-video-preview:-1"},"canonical":"https:\/\/gaudiumetspes-blog.pl\/index.php\/2010\/12\/27\/ujrza-i-uwierzy\/","og_locale":"pl_PL","og_type":"article","og_title":"Ujrza\u0142 i uwierzy\u0142! - Gaudium Et Spes","og_description":"\u015awi\u0119ty Jan Ewangelista, dzisiejszy Patron &#8211; ujrza\u0142 i uwierzy\u0142! Tak o tym sam m\u00f3wi w Ewangelii. W dniu jego \u015bwi\u0119ta bardzo serdecznie witam i od razu najgor\u0119cej dzi\u0119kuj\u0119 za \u017cyczenia \u015bwi\u0105teczne, r\u00f3\u017cnymi drogami docieraj\u0105ce do mnie. Wszystkie je odwzajemniam modlitw\u0105.&nbsp;A ja dzisiaj ze swej strony chc\u0119 z\u0142o\u017cy\u0107&nbsp;NAJSERDECZNIEJSZE \u017bYCZENIA IMIENINOWE KSI\u0118DZU KANONIKOWI JANOWI GROCHOWSKIEMU&nbsp;&#8211; Kap\u0142anowi, przy [&hellip;]","og_url":"https:\/\/gaudiumetspes-blog.pl\/index.php\/2010\/12\/27\/ujrza-i-uwierzy\/","og_site_name":"Gaudium Et Spes","article_published_time":"2010-12-27T10:06:00+00:00","article_modified_time":"2019-07-31T10:51:58+00:00","author":"Ks. Jacek","twitter_card":"summary_large_image","twitter_misc":{"Napisane przez":"Ks. Jacek","Szacowany czas czytania":"7 minut"},"schema":{"@context":"https:\/\/schema.org","@graph":[{"@type":"WebPage","@id":"https:\/\/gaudiumetspes-blog.pl\/index.php\/2010\/12\/27\/ujrza-i-uwierzy\/","url":"https:\/\/gaudiumetspes-blog.pl\/index.php\/2010\/12\/27\/ujrza-i-uwierzy\/","name":"Ujrza\u0142 i uwierzy\u0142! - Gaudium Et Spes","isPartOf":{"@id":"https:\/\/gaudiumetspes-blog.pl\/#website"},"datePublished":"2010-12-27T10:06:00+00:00","dateModified":"2019-07-31T10:51:58+00:00","author":{"@id":"https:\/\/gaudiumetspes-blog.pl\/#\/schema\/person\/1661982992b752dea8dff0d4ed845a65"},"breadcrumb":{"@id":"https:\/\/gaudiumetspes-blog.pl\/index.php\/2010\/12\/27\/ujrza-i-uwierzy\/#breadcrumb"},"inLanguage":"pl-PL","potentialAction":[{"@type":"ReadAction","target":["https:\/\/gaudiumetspes-blog.pl\/index.php\/2010\/12\/27\/ujrza-i-uwierzy\/"]}]},{"@type":"BreadcrumbList","@id":"https:\/\/gaudiumetspes-blog.pl\/index.php\/2010\/12\/27\/ujrza-i-uwierzy\/#breadcrumb","itemListElement":[{"@type":"ListItem","position":1,"name":"Strona g\u0142\u00f3wna","item":"https:\/\/gaudiumetspes-blog.pl\/"},{"@type":"ListItem","position":2,"name":"Ujrza\u0142 i&nbsp;uwierzy\u0142!"}]},{"@type":"WebSite","@id":"https:\/\/gaudiumetspes-blog.pl\/#website","url":"https:\/\/gaudiumetspes-blog.pl\/","name":"Gaudium Et Spes","description":"Blog Ks. Jacka Ja\u015bkowskiego","potentialAction":[{"@type":"SearchAction","target":{"@type":"EntryPoint","urlTemplate":"https:\/\/gaudiumetspes-blog.pl\/?s={search_term_string}"},"query-input":{"@type":"PropertyValueSpecification","valueRequired":true,"valueName":"search_term_string"}}],"inLanguage":"pl-PL"},{"@type":"Person","@id":"https:\/\/gaudiumetspes-blog.pl\/#\/schema\/person\/1661982992b752dea8dff0d4ed845a65","name":"Ks. Jacek","image":{"@type":"ImageObject","inLanguage":"pl-PL","@id":"https:\/\/gaudiumetspes-blog.pl\/#\/schema\/person\/image\/","url":"https:\/\/gaudiumetspes-blog.pl\/wp-content\/uploads\/2019\/07\/avatar-JJ-150x150.jpg","contentUrl":"https:\/\/gaudiumetspes-blog.pl\/wp-content\/uploads\/2019\/07\/avatar-JJ-150x150.jpg","caption":"Ks. Jacek"},"description":"Witam serdecznie! K\u0142ania si\u0119 Ks. Jacek Ja\u015bkowski. Nie jestem ani kim\u015b wa\u017cnym, ani kim\u015b znanym. Jestem ksi\u0119dzem, kt\u00f3ry po prostu chce rozmawia\u0107. Codzienna kap\u0142a\u0144ska pos\u0142uga pokazuje mi, \u017ce temat\u00f3w do rozm\u00f3w z ksi\u0119dzem jest coraz wi\u0119cej i dzisiaj \u017caden ksi\u0105dz nie mo\u017ce od nich ucieka\u0107, ale - wprost przeciwnie - podejmowa\u0107 nowe wyzwania. To przekonanie sk\u0142oni\u0142o mnie do pr\u00f3by otwarcia tego\u017c bloga, chocia\u017c okazji do rozm\u00f3w na co dzie\u0144 - w konfesjonale i poza nim - na szcz\u0119\u015bcie nie brakuje. My\u015bl\u0119 jednak, \u017ce ten blog b\u0119dzie jeszcze jednym sposobem i przestrzeni\u0105 nawi\u0105zania kontaktu z lud\u017ami dobrej woli, otwartymi na dialog.","url":"https:\/\/gaudiumetspes-blog.pl\/index.php\/author\/ks-jacek\/"}]}},"jetpack_featured_media_url":"","jetpack_sharing_enabled":true,"_links":{"self":[{"href":"https:\/\/gaudiumetspes-blog.pl\/index.php\/wp-json\/wp\/v2\/posts\/9998","targetHints":{"allow":["GET"]}}],"collection":[{"href":"https:\/\/gaudiumetspes-blog.pl\/index.php\/wp-json\/wp\/v2\/posts"}],"about":[{"href":"https:\/\/gaudiumetspes-blog.pl\/index.php\/wp-json\/wp\/v2\/types\/post"}],"author":[{"embeddable":true,"href":"https:\/\/gaudiumetspes-blog.pl\/index.php\/wp-json\/wp\/v2\/users\/1"}],"replies":[{"embeddable":true,"href":"https:\/\/gaudiumetspes-blog.pl\/index.php\/wp-json\/wp\/v2\/comments?post=9998"}],"version-history":[{"count":1,"href":"https:\/\/gaudiumetspes-blog.pl\/index.php\/wp-json\/wp\/v2\/posts\/9998\/revisions"}],"predecessor-version":[{"id":10085,"href":"https:\/\/gaudiumetspes-blog.pl\/index.php\/wp-json\/wp\/v2\/posts\/9998\/revisions\/10085"}],"wp:attachment":[{"href":"https:\/\/gaudiumetspes-blog.pl\/index.php\/wp-json\/wp\/v2\/media?parent=9998"}],"wp:term":[{"taxonomy":"category","embeddable":true,"href":"https:\/\/gaudiumetspes-blog.pl\/index.php\/wp-json\/wp\/v2\/categories?post=9998"},{"taxonomy":"post_tag","embeddable":true,"href":"https:\/\/gaudiumetspes-blog.pl\/index.php\/wp-json\/wp\/v2\/tags?post=9998"}],"curies":[{"name":"wp","href":"https:\/\/api.w.org\/{rel}","templated":true}]}}